{"id":97538,"date":"2026-01-31T04:58:06","date_gmt":"2026-01-31T04:58:06","guid":{"rendered":"https:\/\/www.europesays.com\/ee\/97538\/"},"modified":"2026-01-31T04:58:06","modified_gmt":"2026-01-31T04:58:06","slug":"raivo-trummal-%e2%9f%a9-uue-direktori-uus-proovikivi","status":"publish","type":"post","link":"https:\/\/www.europesays.com\/ee\/97538\/","title":{"rendered":"RAIVO TRUMMAL \u27e9 Uue direktori uus proovikivi"},"content":{"rendered":"<p>Raivo Trummal pole Viljandis elanud, aga oma t\u00f6\u00f6 kaudu on ta siin palju k\u00e4inud ning siinse hariduseluga h\u00e4sti kursis. \u200bViljandi g\u00fcmnaasium oli esimene riigig\u00fcmnaasium, mis Eestis valmis sai, ning selle edulugu nimetab ta\u00a0kogu riigig\u00fcmnaasiumide keti tugevaks vundamendiks. &#8220;See oli haridusministeeriumis mu esimene proovikivi. Viljandi g\u00fcmnaasiumi tuldi \u00fcle Eesti igalt poolt vaatama, et selle eeskujul hakata teisi g\u00fcmnaasiume looma. Ja see on omamoodi eriline tunne \u2013 j\u00f5uda 15\u00a0aastat hiljem ringiga tagasi sama kooli juurde.&#8221;<\/p>\n","protected":false},"excerpt":{"rendered":"Raivo Trummal pole Viljandis elanud, aga oma t\u00f6\u00f6 kaudu on ta siin palju k\u00e4inud ning siinse hariduseluga h\u00e4sti&hellip;\n","protected":false},"author":2,"featured_media":97539,"comment_status":"","ping_status":"","sticky":false,"template":"","format":"standard","meta":{"footnotes":"","_share_on_mastodon":"0"},"categories":[5],"tags":[26,27,13795,37,33,35,34,36,31,32,2507,21,28,29,19,25,47188,47189,23,24,22,20,30,986],"class_list":["post-97538","post","type-post","status-publish","format-standard","has-post-thumbnail","category-uldised-uudised","tag-breaking-news","tag-breakingnews","tag-direktor","tag-ee","tag-eesti","tag-eesti-keel","tag-estonia","tag-estonian","tag-featured-news","tag-featurednews","tag-haridusministeerium","tag-headlines","tag-latest-news","tag-latestnews","tag-news","tag-populaarseimad-lood","tag-raivo-trummal","tag-riigigumnaasium","tag-top-stories","tag-topstories","tag-uldised-uudised","tag-uudised","tag-viimased-uudised","tag-viljandi"],"share_on_mastodon":{"url":"https:\/\/pubeurope.com\/@ee\/115987946023382576","error":""},"_links":{"self":[{"href":"https:\/\/www.europesays.com\/ee\/wp-json\/wp\/v2\/posts\/97538","targetHints":{"allow":["GET"]}}],"collection":[{"href":"https:\/\/www.europesays.com\/ee\/wp-json\/wp\/v2\/posts"}],"about":[{"href":"https:\/\/www.europesays.com\/ee\/wp-json\/wp\/v2\/types\/post"}],"author":[{"embeddable":true,"href":"https:\/\/www.europesays.com\/ee\/wp-json\/wp\/v2\/users\/2"}],"replies":[{"embeddable":true,"href":"https:\/\/www.europesays.com\/ee\/wp-json\/wp\/v2\/comments?post=97538"}],"version-history":[{"count":0,"href":"https:\/\/www.europesays.com\/ee\/wp-json\/wp\/v2\/posts\/97538\/revisions"}],"wp:featuredmedia":[{"embeddable":true,"href":"https:\/\/www.europesays.com\/ee\/wp-json\/wp\/v2\/media\/97539"}],"wp:attachment":[{"href":"https:\/\/www.europesays.com\/ee\/wp-json\/wp\/v2\/media?parent=97538"}],"wp:term":[{"taxonomy":"category","embeddable":true,"href":"https:\/\/www.europesays.com\/ee\/wp-json\/wp\/v2\/categories?post=97538"},{"taxonomy":"post_tag","embeddable":true,"href":"https:\/\/www.europesays.com\/ee\/wp-json\/wp\/v2\/tags?post=97538"}],"curies":[{"name":"wp","href":"https:\/\/api.w.org\/{rel}","templated":true}]}}