{"id":97594,"date":"2026-01-31T07:17:07","date_gmt":"2026-01-31T07:17:07","guid":{"rendered":"https:\/\/www.europesays.com\/ee\/97594\/"},"modified":"2026-01-31T07:17:07","modified_gmt":"2026-01-31T07:17:07","slug":"fia-wrc-vastu-on-huvi-ules-naidanud-ule-kumne-tiimi-kellest-uks-voib-liituda-lahiajal-postimees-sport","status":"publish","type":"post","link":"https:\/\/www.europesays.com\/ee\/97594\/","title":{"rendered":"FIA: WRC vastu on huvi \u00fcles n\u00e4idanud \u00fcle k\u00fcmne tiimi, kellest \u00fcks v\u00f5ib liituda l\u00e4hiajal &#8211; Postimees Sport"},"content":{"rendered":"<ol>\n<li><a href=\"https:\/\/news.google.com\/rss\/articles\/CBMivAFBVV95cUxQbXJUUnI0UVRtbGxPc2lfaWdMWDZRclFWR3NVekpOWlVHZ3ZfVGFSazJWODVFTGt3anYxdEJVZ240ZGJSRE9qNUdONHFqMFgxVTh5MmEzcGpYcHdoWm1IQnFZeXR2dVVfdXdlSkJKaTZBc0NzaE02NXpId1hhbmh2cEtfam9QUDNQUk5ZY3hPTi16OWdORHRxdVhXbTJvMDI2cHJuNThaTThXNFpabTRScWpqTzliMk5FNFlzYg?oc=5\" target=\"_blank\" rel=\"nofollow noopener\">FIA: WRC vastu on huvi \u00fcles n\u00e4idanud \u00fcle k\u00fcmne tiimi, kellest \u00fcks v\u00f5ib liituda l\u00e4hiajal<\/a>&nbsp;&nbsp;Postimees Sport<\/li>\n<li><a href=\"https:\/\/news.google.com\/rss\/articles\/CBMiY0FVX3lxTE4yeXRrU0EzN2tqRC0xM1BfSzFDeWxnNWxIQV9jajlLUVpmVHlFVG56bEJQUVZ6Q0x5QU11TVJQT3A5cVJqbmcxbHpIUnpmX0FhMjZ1TGlLaElkNDhPYmVtbTFkZw?oc=5\" target=\"_blank\" rel=\"nofollow noopener\">Uued WRC reeglid on \u00e4ratanud huvi juba enam kui k\u00fcmnes tootjas<\/a>&nbsp;&nbsp;&#8211; Ralli.ee<\/li>\n<li><a href=\"https:\/\/news.google.com\/rss\/articles\/CBMiwgFBVV95cUxPZWxxWEg1TWkzcnZOa2hwLUtFazZDcWZJazF4WHpuVkhZeXg4dzg4REV3a1pISEc4Q2F0R3hZSnU1TENGYWJlSXZBeXB3b1lrclhLSjBZN1FSX0laSGJLWEh2MkdJck9USE44SXc0UGFwWlJCcF9yWm5XVFVyQmx0Snh1VEJXTDJCUTh4U2RvV1Jsalp4ZVl6azZqZU9YRnlYcGxZRE5xN3RKaEctQzdnUHlqbnRoWVhmYkdqNWNpSjlzQQ?oc=5\" target=\"_blank\" rel=\"nofollow noopener\">FIA asepresident Wilson: WRCs tuleb l\u00e4hiajal uudis, mis sobib potentsiaalsetele liitujatele<\/a>&nbsp;&nbsp;Postimees Sport<\/li>\n<li><a href=\"https:\/\/news.google.com\/rss\/articles\/CBMibkFVX3lxTE1LV2pHX2VKeTBvcXlRNGpTbFRrY04xUFBZaURHUmVrTDEyejhSbnlIZEpkcjV2QlBDVGgta3U4UC02VFRGUmRqOE5zSTVUcW0tYlc0VjVfLXhPNjU0dlBvcEV5WGZvaE9tNnhyeWFB?oc=5\" target=\"_blank\" rel=\"nofollow noopener\">Millal saab WRC-sari uue promootori? Malcolm Wilson lubab p\u00f5nevaid uudiseid juba l\u00e4hiajal<\/a>&nbsp;&nbsp;&#8211; Ralli.ee<\/li>\n<\/ol>\n","protected":false},"excerpt":{"rendered":"FIA: WRC vastu on huvi \u00fcles n\u00e4idanud \u00fcle k\u00fcmne tiimi, kellest \u00fcks v\u00f5ib liituda l\u00e4hiajal&nbsp;&nbsp;Postimees Sport Uued WRC&hellip;\n","protected":false},"author":2,"featured_media":97595,"comment_status":"","ping_status":"","sticky":false,"template":"","format":"standard","meta":{"footnotes":"","_share_on_mastodon":"0"},"categories":[18],"tags":[37,33,35,34,36,3306,159,158,47202,1192,12728],"class_list":["post-97594","post","type-post","status-publish","format-standard","has-post-thumbnail","category-sport","tag-ee","tag-eesti","tag-eesti-keel","tag-estonia","tag-estonian","tag-fia","tag-sport","tag-sports","tag-tuunijad","tag-wrc","tag-wrc27"],"share_on_mastodon":{"url":"https:\/\/pubeurope.com\/@ee\/115988492593992426","error":""},"_links":{"self":[{"href":"https:\/\/www.europesays.com\/ee\/wp-json\/wp\/v2\/posts\/97594","targetHints":{"allow":["GET"]}}],"collection":[{"href":"https:\/\/www.europesays.com\/ee\/wp-json\/wp\/v2\/posts"}],"about":[{"href":"https:\/\/www.europesays.com\/ee\/wp-json\/wp\/v2\/types\/post"}],"author":[{"embeddable":true,"href":"https:\/\/www.europesays.com\/ee\/wp-json\/wp\/v2\/users\/2"}],"replies":[{"embeddable":true,"href":"https:\/\/www.europesays.com\/ee\/wp-json\/wp\/v2\/comments?post=97594"}],"version-history":[{"count":0,"href":"https:\/\/www.europesays.com\/ee\/wp-json\/wp\/v2\/posts\/97594\/revisions"}],"wp:featuredmedia":[{"embeddable":true,"href":"https:\/\/www.europesays.com\/ee\/wp-json\/wp\/v2\/media\/97595"}],"wp:attachment":[{"href":"https:\/\/www.europesays.com\/ee\/wp-json\/wp\/v2\/media?parent=97594"}],"wp:term":[{"taxonomy":"category","embeddable":true,"href":"https:\/\/www.europesays.com\/ee\/wp-json\/wp\/v2\/categories?post=97594"},{"taxonomy":"post_tag","embeddable":true,"href":"https:\/\/www.europesays.com\/ee\/wp-json\/wp\/v2\/tags?post=97594"}],"curies":[{"name":"wp","href":"https:\/\/api.w.org\/{rel}","templated":true}]}}