{"id":97676,"date":"2026-01-31T09:33:09","date_gmt":"2026-01-31T09:33:09","guid":{"rendered":"https:\/\/www.europesays.com\/ee\/97676\/"},"modified":"2026-01-31T09:33:09","modified_gmt":"2026-01-31T09:33:09","slug":"nadalast-jai-kolama-%e2%9f%a9-legend-keda-maletavad-paljud-meist","status":"publish","type":"post","link":"https:\/\/www.europesays.com\/ee\/97676\/","title":{"rendered":"N\u00c4DALAST J\u00c4I K\u00d5LAMA \u27e9 Legend, keda m\u00e4letavad paljud meist"},"content":{"rendered":"<p>Esmasp\u00e4eval lahkus 76aastasena meie seast Pudeli-Vovkaks kutsutud legendaarne sintlane Vladimir Fet\u0161in. Mees, keda teadsid pea k\u00f5ik p\u00e4rnakad. Ilmselt linnak\u00fclalisedki. Mees, kes oli rahva seas vahest tuntum kui paljud siinsed kultuuri- v\u00f5i poliitikategelased.<\/p>\n<p>N\u00fc\u00fcd taevasi radu tallavast Fet\u0161inist kirjutas tema lahkumise j\u00e4rel nii ajakirjandus kui ilmus sadu kommentaare ja m\u00e4lestusi \u00fchismeedias.<\/p>\n","protected":false},"excerpt":{"rendered":"Esmasp\u00e4eval lahkus 76aastasena meie seast Pudeli-Vovkaks kutsutud legendaarne sintlane Vladimir Fet\u0161in. Mees, keda teadsid pea k\u00f5ik p\u00e4rnakad. Ilmselt&hellip;\n","protected":false},"author":2,"featured_media":97677,"comment_status":"","ping_status":"","sticky":false,"template":"","format":"standard","meta":{"footnotes":"","_share_on_mastodon":"0"},"categories":[5],"tags":[26,27,37,33,35,34,36,31,32,47273,21,47275,28,29,47272,19,25731,1421,25,46867,14987,23742,23,24,22,20,30,47274],"class_list":["post-97676","post","type-post","status-publish","format-standard","has-post-thumbnail","category-uldised-uudised","tag-breaking-news","tag-breakingnews","tag-ee","tag-eesti","tag-eesti-keel","tag-estonia","tag-estonian","tag-featured-news","tag-featurednews","tag-fetsin","tag-headlines","tag-kryptik","tag-latest-news","tag-latestnews","tag-merle","tag-news","tag-ott","tag-parnu","tag-populaarseimad-lood","tag-raido","tag-silver","tag-sindi","tag-top-stories","tag-topstories","tag-uldised-uudised","tag-uudised","tag-viimased-uudised","tag-vovka"],"share_on_mastodon":{"url":"https:\/\/pubeurope.com\/@ee\/115989027417916797","error":""},"_links":{"self":[{"href":"https:\/\/www.europesays.com\/ee\/wp-json\/wp\/v2\/posts\/97676","targetHints":{"allow":["GET"]}}],"collection":[{"href":"https:\/\/www.europesays.com\/ee\/wp-json\/wp\/v2\/posts"}],"about":[{"href":"https:\/\/www.europesays.com\/ee\/wp-json\/wp\/v2\/types\/post"}],"author":[{"embeddable":true,"href":"https:\/\/www.europesays.com\/ee\/wp-json\/wp\/v2\/users\/2"}],"replies":[{"embeddable":true,"href":"https:\/\/www.europesays.com\/ee\/wp-json\/wp\/v2\/comments?post=97676"}],"version-history":[{"count":0,"href":"https:\/\/www.europesays.com\/ee\/wp-json\/wp\/v2\/posts\/97676\/revisions"}],"wp:featuredmedia":[{"embeddable":true,"href":"https:\/\/www.europesays.com\/ee\/wp-json\/wp\/v2\/media\/97677"}],"wp:attachment":[{"href":"https:\/\/www.europesays.com\/ee\/wp-json\/wp\/v2\/media?parent=97676"}],"wp:term":[{"taxonomy":"category","embeddable":true,"href":"https:\/\/www.europesays.com\/ee\/wp-json\/wp\/v2\/categories?post=97676"},{"taxonomy":"post_tag","embeddable":true,"href":"https:\/\/www.europesays.com\/ee\/wp-json\/wp\/v2\/tags?post=97676"}],"curies":[{"name":"wp","href":"https:\/\/api.w.org\/{rel}","templated":true}]}}