{"id":97758,"date":"2026-01-31T11:44:07","date_gmt":"2026-01-31T11:44:07","guid":{"rendered":"https:\/\/www.europesays.com\/ee\/97758\/"},"modified":"2026-01-31T11:44:07","modified_gmt":"2026-01-31T11:44:07","slug":"video-ringvaade-tegi-ringkaigu-peagi-avatavas-ukuaru-muusikamajas-ringvaade","status":"publish","type":"post","link":"https:\/\/www.europesays.com\/ee\/97758\/","title":{"rendered":"Video: &#8220;Ringvaade&#8221; tegi ringk\u00e4igu peagi avatavas Ukuaru muusikamajas | Ringvaade"},"content":{"rendered":"<p>31. jaanuaril avatakse Rakveres riiklikult t\u00e4htsate kultuuriobjektide kavas valminud Ukuaru muusikamaja. &#8220;Ringvaate&#8221; reporter J\u00fcti Muttika tegi koos muusikamaja juhataja Kertu Orroga seal ringk\u00e4igu.<\/p>\n<p>Maja kahe torni ja Arvo P\u00e4rdi teose eeskujul on Ukuaru muusikamaja saal saanud endale nimeks Frates ehk t\u00f5lkes vennad. Kertu Orro selgitas, et Ukuaru muusikamaja lava saab koosneda kuni neljast moodulist.<\/p>\n<p>&#8220;Avakontserdi ajal on \u00fcleval neist kolm, aga kui veebruaris tuleb k\u00fclla Vanemuise s\u00fcmfooniaorkester, siis saame t\u00f5sta \u00fcles ka neljanda mooduli ja lava on oluliselt suurem,&#8221; \u00fctles ta ja lisas, et ka lava tagaseina saab eemaldada, et sinna mahuksid s\u00fcmfooniaorkesteri l\u00f6\u00f6kpillid.<\/p>\n<p>Kui paljud asjad on hoones t\u00e4iesti \u00fcmber ehitatud, siis suure saali lagi on renoveeritud ja taastatud. &#8220;Laes olnud t\u00e4hed ja t\u00e4rnikesed olid tehtud papist, neid taastada ei \u00f5nnestunud, aga tehti t\u00e4pselt samasugused nagu need originaalis siin olid,&#8221; selgitas ta.<\/p>\n<p>Hoone arhitekt oli Alar Kotli, kelle k\u00e4e all valmis ka Rakvere g\u00fcmnaasium. &#8220;Joonistel oli n\u00e4ha, et tema n\u00e4gemuses pidi see olema ilus valge fassaadi ja tornikiivritega kirikuhoone,&#8221; mainis Orro.<\/p>\n","protected":false},"excerpt":{"rendered":"31. jaanuaril avatakse Rakveres riiklikult t\u00e4htsate kultuuriobjektide kavas valminud Ukuaru muusikamaja. &#8220;Ringvaate&#8221; reporter J\u00fcti Muttika tegi koos muusikamaja&hellip;\n","protected":false},"author":2,"featured_media":97759,"comment_status":"","ping_status":"","sticky":false,"template":"","format":"standard","meta":{"footnotes":"","_share_on_mastodon":"0"},"categories":[12],"tags":[26,27,37,33,35,34,36,31,32,21,14248,31446,28,29,19,25,13392,23,24,22,20,30],"class_list":["post-97758","post","type-post","status-publish","format-standard","has-post-thumbnail","category-eesti","tag-breaking-news","tag-breakingnews","tag-ee","tag-eesti","tag-eesti-keel","tag-estonia","tag-estonian","tag-featured-news","tag-featurednews","tag-headlines","tag-juri-muttika","tag-kertu-orro","tag-latest-news","tag-latestnews","tag-news","tag-populaarseimad-lood","tag-ringvaade","tag-top-stories","tag-topstories","tag-uldised-uudised","tag-uudised","tag-viimased-uudised"],"share_on_mastodon":{"url":"https:\/\/pubeurope.com\/@ee\/115989542535313579","error":""},"_links":{"self":[{"href":"https:\/\/www.europesays.com\/ee\/wp-json\/wp\/v2\/posts\/97758","targetHints":{"allow":["GET"]}}],"collection":[{"href":"https:\/\/www.europesays.com\/ee\/wp-json\/wp\/v2\/posts"}],"about":[{"href":"https:\/\/www.europesays.com\/ee\/wp-json\/wp\/v2\/types\/post"}],"author":[{"embeddable":true,"href":"https:\/\/www.europesays.com\/ee\/wp-json\/wp\/v2\/users\/2"}],"replies":[{"embeddable":true,"href":"https:\/\/www.europesays.com\/ee\/wp-json\/wp\/v2\/comments?post=97758"}],"version-history":[{"count":0,"href":"https:\/\/www.europesays.com\/ee\/wp-json\/wp\/v2\/posts\/97758\/revisions"}],"wp:featuredmedia":[{"embeddable":true,"href":"https:\/\/www.europesays.com\/ee\/wp-json\/wp\/v2\/media\/97759"}],"wp:attachment":[{"href":"https:\/\/www.europesays.com\/ee\/wp-json\/wp\/v2\/media?parent=97758"}],"wp:term":[{"taxonomy":"category","embeddable":true,"href":"https:\/\/www.europesays.com\/ee\/wp-json\/wp\/v2\/categories?post=97758"},{"taxonomy":"post_tag","embeddable":true,"href":"https:\/\/www.europesays.com\/ee\/wp-json\/wp\/v2\/tags?post=97758"}],"curies":[{"name":"wp","href":"https:\/\/api.w.org\/{rel}","templated":true}]}}