{"id":97849,"date":"2026-01-31T14:15:06","date_gmt":"2026-01-31T14:15:06","guid":{"rendered":"https:\/\/www.europesays.com\/ee\/97849\/"},"modified":"2026-01-31T14:15:06","modified_gmt":"2026-01-31T14:15:06","slug":"uskumatu-stsenaarium-glinka-paastis-viis-matspalli-ja-kindlustas-koha-portugali-atp-challengeri-finaalis","status":"publish","type":"post","link":"https:\/\/www.europesays.com\/ee\/97849\/","title":{"rendered":"Uskumatu stsenaarium. Glinka p\u00e4\u00e4stis viis mat\u0161palli ja kindlustas koha Portugali ATP Challengeri finaalis"},"content":{"rendered":"<p>25-aastane Glinka alistas poolfinaalis endast viis aastat vanema kohaliku Portugali m\u00e4ngija Frederico Ferreira Silva (ATP 265.) kolmes setis 4:6, 7:5, 6:4. Kohtumine kestis kaks tundi ja 25 minutit.<\/p>\n<p>M\u00e4ngu alustas paremini portugallane, kes murdis Glinka servi koha teises geimis ning kaitses enda pallingut kuni seisuni 4:1. Seej\u00e4rel suutis Glinka vastase pallingu tagasi murda ning viigistada seti seisu 4:4-le. Seti viimases kahes geimis n\u00e4itas paraku kindlamat m\u00e4ngu Portugali m\u00e4ngija, kes hoidis esmalt enda servi ja murdis Glinka oma nulliga.<\/p>\n<p>M\u00e4ngu teine sett kulges Ameerika m\u00e4gedel. Esmalt asus Ferreira Silva juhtima 2:0, seej\u00e4rel Glinka 3:2, misj\u00e4rel v\u00f5itis taas kolm j\u00e4rjestikust geimi portugallane. J\u00e4rgmised kaks geimis suutis Glinka v\u00f5ita uskumatul viisil, kuna 3:5 kaotusseisus p\u00e4\u00e4stis ta Ferreira Silva pallingul kaks mat\u0161palli ja 4:5 kaotusseisus enda servil kolm mat\u0161palli. 5:5 viigi k\u00e4tte v\u00f5idelnud Glinka v\u00f5itis seej\u00e4rel veel kaks j\u00e4rjestikust geimi, viies m\u00e4ngu kolmandasse setti.<\/p>\n<p>Otsustavas setis n\u00e4itas Glinka juba tunduvalt kvaliteetsemat tennist, tehes \u00fche servimurde kolmandas geimis, millest piisas finaalikoha kindlustamiseks. Terve otsustava seti peale kaotas Glinka enda servilt vaid kolm punkti.<\/p>\n<p>Glinka l\u00f5i m\u00e4ngu peale kokku kaheksa servi\u00e4ssa ja tegi neli topeltviga, Ferreira Silva l\u00f5i kaks \u00e4ssa ja tegi viis topeltviga. Glinka esimese servi \u00f5nnetumise protsent oli 56 (v\u00f5itis 76% punktidest), vastase samad n\u00e4itajad olid 61% ja 61%. \u00c4ral\u00f6\u00f6ke kogunes Glinkal 21, nagu ka vastasel. Lihtvigu tegi eestlane kuue v\u00f5rra rohkem, vastavalt 47 vs. 41. M\u00e4ngu \u00fcldpunktid j\u00e4id Glinka kasuks 101:92.<\/p>\n<p>V\u00f5it kergitas Glinka live-edetabelis juba 167. reale, mis t\u00e4histab tema karj\u00e4\u00e4ri k\u00f5ige k\u00f5rgemat kohta. Kui Glinkal \u00f5nnestub v\u00f5ita ka homne finaal, t\u00f5useb ta esmasp\u00e4eval avaldatavas edetabelis maailma 155. reketiks. Sellega l\u00e4heks ta m\u00f6\u00f6da ka Mark Lajalist, kes on hetkel jooksvas 158.<\/p>\n<p>Finaalis l\u00e4heb Glinka vastamisi kas Luksemburgi m\u00e4ngija Chris Rodeschi (ATP 209.) v\u00f5i kanadalase Alexis Galarneauga (ATP 214.).<\/p>\n<p>P\u00fchap\u00e4eval toimuvas finaalis jahib Glinka oma karj\u00e4\u00e4ri teist ATP Challengeri tiitlit. Esimese trofee sel tasemel v\u00f5itis eestlane eelmise aasta l\u00f5pus Kanadas Drummondville\u00b4is. Sarnaselt Oeirase turniirile kuulus ka Drummondville\u00b4i Challenger ATP 75 kategooriasse.<\/p>\n<p>Kuidas see lugu Sind end tundma pani? Saada <a href=\"https:\/\/sport.delfi.ee\/artikkel\/120433105\/uskumatu-viis-matspalli-paastnud-daniil-glinka-kindlustas-koha-portugali-atp-challengeri-finaalis\/kommentaarid\" class=\"article-body-bottom__comment article-body-bottom__comment--write button button--primary button--size-auto\" rel=\"nofollow noopener\" target=\"_blank\"> Kommenteeri <\/a><a href=\"https:\/\/sport.delfi.ee\/artikkel\/120433105\/uskumatu-viis-matspalli-paastnud-daniil-glinka-kindlustas-koha-portugali-atp-challengeri-finaalis\/kommentaarid\" class=\"article-body-bottom__comment article-body-bottom__comment--read button button--size-auto\" rel=\"nofollow noopener\" target=\"_blank\"> Loe kommentaare (2)<\/a><\/p>\n","protected":false},"excerpt":{"rendered":"25-aastane Glinka alistas poolfinaalis endast viis aastat vanema kohaliku Portugali m\u00e4ngija Frederico Ferreira Silva (ATP 265.) kolmes setis&hellip;\n","protected":false},"author":2,"featured_media":97850,"comment_status":"","ping_status":"","sticky":false,"template":"","format":"standard","meta":{"footnotes":"","_share_on_mastodon":"0"},"categories":[18],"tags":[2429,556,37,33,35,34,36,159,158],"class_list":["post-97849","post","type-post","status-publish","format-standard","has-post-thumbnail","category-sport","tag-atp","tag-daniil-glinka","tag-ee","tag-eesti","tag-eesti-keel","tag-estonia","tag-estonian","tag-sport","tag-sports"],"share_on_mastodon":{"url":"https:\/\/pubeurope.com\/@ee\/115990136235528801","error":""},"_links":{"self":[{"href":"https:\/\/www.europesays.com\/ee\/wp-json\/wp\/v2\/posts\/97849","targetHints":{"allow":["GET"]}}],"collection":[{"href":"https:\/\/www.europesays.com\/ee\/wp-json\/wp\/v2\/posts"}],"about":[{"href":"https:\/\/www.europesays.com\/ee\/wp-json\/wp\/v2\/types\/post"}],"author":[{"embeddable":true,"href":"https:\/\/www.europesays.com\/ee\/wp-json\/wp\/v2\/users\/2"}],"replies":[{"embeddable":true,"href":"https:\/\/www.europesays.com\/ee\/wp-json\/wp\/v2\/comments?post=97849"}],"version-history":[{"count":0,"href":"https:\/\/www.europesays.com\/ee\/wp-json\/wp\/v2\/posts\/97849\/revisions"}],"wp:featuredmedia":[{"embeddable":true,"href":"https:\/\/www.europesays.com\/ee\/wp-json\/wp\/v2\/media\/97850"}],"wp:attachment":[{"href":"https:\/\/www.europesays.com\/ee\/wp-json\/wp\/v2\/media?parent=97849"}],"wp:term":[{"taxonomy":"category","embeddable":true,"href":"https:\/\/www.europesays.com\/ee\/wp-json\/wp\/v2\/categories?post=97849"},{"taxonomy":"post_tag","embeddable":true,"href":"https:\/\/www.europesays.com\/ee\/wp-json\/wp\/v2\/tags?post=97849"}],"curies":[{"name":"wp","href":"https:\/\/api.w.org\/{rel}","templated":true}]}}