{"id":97904,"date":"2026-01-31T15:45:06","date_gmt":"2026-01-31T15:45:06","guid":{"rendered":"https:\/\/www.europesays.com\/ee\/97904\/"},"modified":"2026-01-31T15:45:06","modified_gmt":"2026-01-31T15:45:06","slug":"usa-valitsust-ootab-jarjekordne-tooseisak","status":"publish","type":"post","link":"https:\/\/www.europesays.com\/ee\/97904\/","title":{"rendered":"USA valitsust ootab j\u00e4rjekordne t\u00f6\u00f6seisak"},"content":{"rendered":"<p>USA valitsuse t\u00f6\u00f6 seiskus t\u00e4na osaliselt, sest kongress ei kiitnud enne s\u00fcda\u00f6ist t\u00e4htaega heaks 2026. aasta eelarvet.<\/p>\n<p>T\u00f6\u00f6seisak sai alguse l\u00e4bir\u00e4\u00e4kimiste katkemisest, mille tingis demokraatide pahameel f\u00f6deraalsete immigratsiooniametnike tegevuse \u00fcle, kes tapsid Minneapolises kaks meeleavaldajat. Vahejuhtum nurjas k\u00f5nelused sisejulgeolekuministeeriumi (DHS) lisarahastuse \u00fcle.<\/p>\n","protected":false},"excerpt":{"rendered":"USA valitsuse t\u00f6\u00f6 seiskus t\u00e4na osaliselt, sest kongress ei kiitnud enne s\u00fcda\u00f6ist t\u00e4htaega heaks 2026. aasta eelarvet. T\u00f6\u00f6seisak&hellip;\n","protected":false},"author":2,"featured_media":97905,"comment_status":"","ping_status":"","sticky":false,"template":"","format":"standard","meta":{"footnotes":"","_share_on_mastodon":"0"},"categories":[80],"tags":[26,27,6451,324,37,33,35,34,36,31,32,21,28,29,95,7447,9302,19,25,47380,23,24,22,20,30,92,93,94],"class_list":["post-97904","post","type-post","status-publish","format-standard","has-post-thumbnail","category-maailm","tag-breaking-news","tag-breakingnews","tag-demokraadid","tag-donald-trump","tag-ee","tag-eesti","tag-eesti-keel","tag-estonia","tag-estonian","tag-featured-news","tag-featurednews","tag-headlines","tag-latest-news","tag-latestnews","tag-maailm","tag-mike-johnson","tag-minneapolis","tag-news","tag-populaarseimad-lood","tag-sisejulgeolekuministeerium","tag-top-stories","tag-topstories","tag-uldised-uudised","tag-uudised","tag-viimased-uudised","tag-world","tag-world-news","tag-worldnews"],"share_on_mastodon":{"url":"https:\/\/pubeurope.com\/@ee\/115990490201572535","error":""},"_links":{"self":[{"href":"https:\/\/www.europesays.com\/ee\/wp-json\/wp\/v2\/posts\/97904","targetHints":{"allow":["GET"]}}],"collection":[{"href":"https:\/\/www.europesays.com\/ee\/wp-json\/wp\/v2\/posts"}],"about":[{"href":"https:\/\/www.europesays.com\/ee\/wp-json\/wp\/v2\/types\/post"}],"author":[{"embeddable":true,"href":"https:\/\/www.europesays.com\/ee\/wp-json\/wp\/v2\/users\/2"}],"replies":[{"embeddable":true,"href":"https:\/\/www.europesays.com\/ee\/wp-json\/wp\/v2\/comments?post=97904"}],"version-history":[{"count":0,"href":"https:\/\/www.europesays.com\/ee\/wp-json\/wp\/v2\/posts\/97904\/revisions"}],"wp:featuredmedia":[{"embeddable":true,"href":"https:\/\/www.europesays.com\/ee\/wp-json\/wp\/v2\/media\/97905"}],"wp:attachment":[{"href":"https:\/\/www.europesays.com\/ee\/wp-json\/wp\/v2\/media?parent=97904"}],"wp:term":[{"taxonomy":"category","embeddable":true,"href":"https:\/\/www.europesays.com\/ee\/wp-json\/wp\/v2\/categories?post=97904"},{"taxonomy":"post_tag","embeddable":true,"href":"https:\/\/www.europesays.com\/ee\/wp-json\/wp\/v2\/tags?post=97904"}],"curies":[{"name":"wp","href":"https:\/\/api.w.org\/{rel}","templated":true}]}}