{"id":97952,"date":"2026-01-31T17:22:07","date_gmt":"2026-01-31T17:22:07","guid":{"rendered":"https:\/\/www.europesays.com\/ee\/97952\/"},"modified":"2026-01-31T17:22:07","modified_gmt":"2026-01-31T17:22:07","slug":"metsa-ja-heina-klubid-saksamaa-bundesliga-20-voorus-voidulisa-ei-teeninud","status":"publish","type":"post","link":"https:\/\/www.europesays.com\/ee\/97952\/","title":{"rendered":"Metsa ja Heina klubid Saksamaa Bundesliga 20. voorus v\u00f5idulisa ei teeninud"},"content":{"rendered":"<p>St. Pauli asus v\u00f5\u00f5ral v\u00e4ljakul <a rel=\"noopener nofollow\" target=\"_blank\" href=\"https:\/\/www.delfi.ee\/teema\/64810502\/augsburg\" tag-id=\"64810502\">Augsburgi<\/a> vastu kohtumist juhtima 32. minutil, kui 11 meetri karistusl\u00f6\u00f6gi realiseeris Danel Sinani. Poolajapausile mindi aga juba viigiseisus, kuna \u00fcheksa minutit hiljem suunas karistusalas palli Werderi kaitsjate vahelt v\u00f5rku Michael Gregoritsch.<\/p>\n<p>Augsburgi viigiv\u00e4rava autor kerkis sangariks ka teisel poolajal. 59. minutil p\u00e4\u00e4ses austerlane St. Pauli esikinda Nikola Vasiljiga \u00fcks \u00fchele ja l\u00f5i m\u00e4nguvahendi alla nurka. Augsburgi 2:1 v\u00f5iduga kohtumine ka l\u00f5ppes.<\/p>\n<p>Karol Mets kuulus St. Pauli algkoosseisu ja tegi kaasa terve kohtumise.<\/p>\n<p>St. Pauli j\u00e4tkab 20 voorust teenitud 14 punktiga Bundesliga tabelis eelviimasel ehk 17. kohal. V\u00e4ljalangemistsoonist p\u00e4\u00e4semisest lahutab neid neli punkti. Augsburg t\u00f5usis v\u00f5iduga 22 punkti peale, mis annab neile 11. koha.<\/p>\n<p>Bremeni Werder j\u00e4tkas Bundesliga 20. voorus nukrat seeriat. P\u00e4rast koduv\u00e4ljakul tehtud 1:1 viiki M\u00f6nchengladbachi Borussiaga ollakse v\u00f5iduta juba 10 j\u00e4rjestikust m\u00e4ngu. Kohtumise m\u00f5lemad v\u00e4ravad l\u00f6\u00f6di teisel poolajal. M\u00f6nchengladbachi viis 61. minutil juhtima Haris Tabakovic, Werderile p\u00e4\u00e4stis neljandal \u00fcleminutil viigipunkti Keke Topp. <\/p>\n<p>Karl Jakob Hein tavap\u00e4raselt Werderi eest m\u00e4nguaega ei teeninud. Tema asemel t\u00e4itis esiv\u00e4ravavahi rolli sakslane Mio Backhaus.<\/p>\n<p>Werder hoiab liigatabelis 19 punktiga 14. kohta, M\u00f6nchengladbach on teeninud neist kaks punkti rohkem, millega ollakse 12. tabelireal.<\/p>\n<p>Kuidas see lugu Sind end tundma pani? Saada <a href=\"https:\/\/sport.delfi.ee\/artikkel\/120433122\/metsa-ja-heina-klubid-saksamaa-korgliiga-20-voorus-voidulisa-ei-teeninud\/kommentaarid\" class=\"article-body-bottom__comment article-body-bottom__comment--write button button--primary button--size-auto\" rel=\"nofollow noopener\" target=\"_blank\"> Kommenteeri <\/a><a href=\"https:\/\/sport.delfi.ee\/artikkel\/120433122\/metsa-ja-heina-klubid-saksamaa-korgliiga-20-voorus-voidulisa-ei-teeninud\/kommentaarid\" class=\"article-body-bottom__comment article-body-bottom__comment--read button button--size-auto\" rel=\"nofollow noopener\" target=\"_blank\"> Loe kommentaare <\/a><\/p>\n","protected":false},"excerpt":{"rendered":"St. Pauli asus v\u00f5\u00f5ral v\u00e4ljakul Augsburgi vastu kohtumist juhtima 32. minutil, kui 11 meetri karistusl\u00f6\u00f6gi realiseeris Danel Sinani.&hellip;\n","protected":false},"author":2,"featured_media":87641,"comment_status":"","ping_status":"","sticky":false,"template":"","format":"standard","meta":{"footnotes":"","_share_on_mastodon":"0"},"categories":[18],"tags":[523,526,527,37,33,35,34,36,536,5040,51,159,158],"class_list":["post-97952","post","type-post","status-publish","format-standard","has-post-thumbnail","category-sport","tag-augsburg","tag-bremeni-werder","tag-bundesliga","tag-ee","tag-eesti","tag-eesti-keel","tag-estonia","tag-estonian","tag-karl-jakob-hein","tag-karol-mets","tag-saksamaa","tag-sport","tag-sports"],"share_on_mastodon":{"url":"https:\/\/pubeurope.com\/@ee\/115990871590247802","error":""},"_links":{"self":[{"href":"https:\/\/www.europesays.com\/ee\/wp-json\/wp\/v2\/posts\/97952","targetHints":{"allow":["GET"]}}],"collection":[{"href":"https:\/\/www.europesays.com\/ee\/wp-json\/wp\/v2\/posts"}],"about":[{"href":"https:\/\/www.europesays.com\/ee\/wp-json\/wp\/v2\/types\/post"}],"author":[{"embeddable":true,"href":"https:\/\/www.europesays.com\/ee\/wp-json\/wp\/v2\/users\/2"}],"replies":[{"embeddable":true,"href":"https:\/\/www.europesays.com\/ee\/wp-json\/wp\/v2\/comments?post=97952"}],"version-history":[{"count":0,"href":"https:\/\/www.europesays.com\/ee\/wp-json\/wp\/v2\/posts\/97952\/revisions"}],"wp:featuredmedia":[{"embeddable":true,"href":"https:\/\/www.europesays.com\/ee\/wp-json\/wp\/v2\/media\/87641"}],"wp:attachment":[{"href":"https:\/\/www.europesays.com\/ee\/wp-json\/wp\/v2\/media?parent=97952"}],"wp:term":[{"taxonomy":"category","embeddable":true,"href":"https:\/\/www.europesays.com\/ee\/wp-json\/wp\/v2\/categories?post=97952"},{"taxonomy":"post_tag","embeddable":true,"href":"https:\/\/www.europesays.com\/ee\/wp-json\/wp\/v2\/tags?post=97952"}],"curies":[{"name":"wp","href":"https:\/\/api.w.org\/{rel}","templated":true}]}}