{"id":97994,"date":"2026-01-31T19:04:16","date_gmt":"2026-01-31T19:04:16","guid":{"rendered":"https:\/\/www.europesays.com\/ee\/97994\/"},"modified":"2026-01-31T19:04:16","modified_gmt":"2026-01-31T19:04:16","slug":"video-minneapolises-ja-kogu-usa-s-avaldati-meelt-immigratsiooniteenistuse-tegevuse-vastu","status":"publish","type":"post","link":"https:\/\/www.europesays.com\/ee\/97994\/","title":{"rendered":"VIDEO | Minneapolises ja kogu USA-s avaldati meelt immigratsiooniteenistuse tegevuse vastu"},"content":{"rendered":"<p>USA president <a rel=\"noopener nofollow\" target=\"_blank\" href=\"https:\/\/www.delfi.ee\/teema\/32758637\/donald-trump\" tag-id=\"32758637\">Donald Trump<\/a> on saatnud Minneapolise piirkonda 3000 f\u00f6deraalagenti, kes patrullivad taktikalises varustuses t\u00e4navatel ja peavad kinni sisser\u00e4ndajateks peetavaid inimesi.<\/p>\n<p>Minneapolises kogunes miinuskraadidega kesklinna mitu tuhat inimest, et protestida USA immigratsiooni- ja tolliteenistuse (ICE) tegevuse vastu.<\/p>\n<p>Katia Kagan \u00fctles, et on USA-sse turvalisust ja paremat elu otsima tulnud Vene juutide t\u00fctar.<\/p>\n<p>\u201eMa olen siin v\u00e4ljas, sest ma kavatsen v\u00f5idelda selle <a rel=\"noopener nofollow\" target=\"_blank\" href=\"https:\/\/www.delfi.ee\/teema\/24645751\/ameerika\" tag-id=\"24645751\">Ameerika<\/a> unistuse eest, mille p\u00e4rast minu vanemad siia tulid,\u201c \u00fctles Kagan.<\/p>\n<p>65-aastane meditatsioonitreener Kim nimetas f\u00f6deraalj\u00f5udude operatsiooni \u201emeie f\u00f6deraalvalitsuse t\u00e4iem\u00f5\u00f5duliseks fa\u0161istlikuks r\u00fcnnakuks kodanike vastu\u201c.<\/p>\n<p>Minneapolise piirkonnas, kus f\u00f6deraalagendid tulistasid sel kuul surmavalt USA kodanikke <a rel=\"noopener nofollow\" target=\"_blank\" href=\"https:\/\/www.delfi.ee\/teema\/96882311\/renee-nicole-good\" tag-id=\"96882311\">Renee Nicole Goodi<\/a> ja <a rel=\"noopener nofollow\" target=\"_blank\" href=\"https:\/\/www.delfi.ee\/teema\/96882599\/alex-pretti\" tag-id=\"96882599\">Alex Prettit<\/a>, marssisid kohaliku kooli umbes 50 \u00f5petajat ja muud t\u00f6\u00f6tajat.<\/p>\n<p>Minneapolise kesklinnas astus lavale rokkstaar <a rel=\"noopener nofollow\" target=\"_blank\" href=\"https:\/\/www.delfi.ee\/teema\/1785\/bruce-springsteen\" tag-id=\"1785\">Bruce Springsteen<\/a>, kes esitas muu hulgas oma v\u00e4rsket laulu \u201eStreets of Minneapolis\u201c (\u201eMinneapolise t\u00e4navad\u201c). \u00dcritus oli m\u00f5eldud raha kogumiseks Goodi ja Pretti m\u00e4lestuse j\u00e4\u00e4dvustamiseks.<\/p>\n<p>Korraldajad ennustasid kogu USA-s kokku 250 meeleavaldust 46 osariigis ja suuremates linnades.<\/p>\n<p>Kuidas see lugu Sind end tundma pani? Saada <a href=\"https:\/\/www.delfi.ee\/artikkel\/120433098\/minneapolises-ja-kogu-usa-s-avaldati-meelt-immigratsiooniteenistuse-tegevuse-vastu\/kommentaarid\" class=\"article-body-bottom__comment article-body-bottom__comment--write button button--primary button--size-auto\" rel=\"nofollow noopener\" target=\"_blank\"> Kommenteeri <\/a><a href=\"https:\/\/www.delfi.ee\/artikkel\/120433098\/minneapolises-ja-kogu-usa-s-avaldati-meelt-immigratsiooniteenistuse-tegevuse-vastu\/kommentaarid\" class=\"article-body-bottom__comment article-body-bottom__comment--read button button--size-auto\" rel=\"nofollow noopener\" target=\"_blank\"> Loe kommentaare (93)<\/a><\/p>\n","protected":false},"excerpt":{"rendered":"USA president Donald Trump on saatnud Minneapolise piirkonda 3000 f\u00f6deraalagenti, kes patrullivad taktikalises varustuses t\u00e4navatel ja peavad kinni&hellip;\n","protected":false},"author":2,"featured_media":97995,"comment_status":"","ping_status":"","sticky":false,"template":"","format":"standard","meta":{"footnotes":"","_share_on_mastodon":"0"},"categories":[80],"tags":[45511,461,26,27,16011,5875,324,37,33,35,34,36,31,32,21,28,29,95,9302,1173,19,25,40539,23,24,22,325,20,30,92,93,94],"class_list":["post-97994","post","type-post","status-publish","format-standard","has-post-thumbnail","category-maailm","tag-alex-pretti","tag-ameerika","tag-breaking-news","tag-breakingnews","tag-bruce-springsteen","tag-california","tag-donald-trump","tag-ee","tag-eesti","tag-eesti-keel","tag-estonia","tag-estonian","tag-featured-news","tag-featurednews","tag-headlines","tag-latest-news","tag-latestnews","tag-maailm","tag-minneapolis","tag-new-york","tag-news","tag-populaarseimad-lood","tag-renee-nicole-good","tag-top-stories","tag-topstories","tag-uldised-uudised","tag-usa","tag-uudised","tag-viimased-uudised","tag-world","tag-world-news","tag-worldnews"],"share_on_mastodon":{"url":"https:\/\/pubeurope.com\/@ee\/115991272675301542","error":""},"_links":{"self":[{"href":"https:\/\/www.europesays.com\/ee\/wp-json\/wp\/v2\/posts\/97994","targetHints":{"allow":["GET"]}}],"collection":[{"href":"https:\/\/www.europesays.com\/ee\/wp-json\/wp\/v2\/posts"}],"about":[{"href":"https:\/\/www.europesays.com\/ee\/wp-json\/wp\/v2\/types\/post"}],"author":[{"embeddable":true,"href":"https:\/\/www.europesays.com\/ee\/wp-json\/wp\/v2\/users\/2"}],"replies":[{"embeddable":true,"href":"https:\/\/www.europesays.com\/ee\/wp-json\/wp\/v2\/comments?post=97994"}],"version-history":[{"count":0,"href":"https:\/\/www.europesays.com\/ee\/wp-json\/wp\/v2\/posts\/97994\/revisions"}],"wp:featuredmedia":[{"embeddable":true,"href":"https:\/\/www.europesays.com\/ee\/wp-json\/wp\/v2\/media\/97995"}],"wp:attachment":[{"href":"https:\/\/www.europesays.com\/ee\/wp-json\/wp\/v2\/media?parent=97994"}],"wp:term":[{"taxonomy":"category","embeddable":true,"href":"https:\/\/www.europesays.com\/ee\/wp-json\/wp\/v2\/categories?post=97994"},{"taxonomy":"post_tag","embeddable":true,"href":"https:\/\/www.europesays.com\/ee\/wp-json\/wp\/v2\/tags?post=97994"}],"curies":[{"name":"wp","href":"https:\/\/api.w.org\/{rel}","templated":true}]}}