{"id":98000,"date":"2026-01-31T19:24:07","date_gmt":"2026-01-31T19:24:07","guid":{"rendered":"https:\/\/www.europesays.com\/ee\/98000\/"},"modified":"2026-01-31T19:24:07","modified_gmt":"2026-01-31T19:24:07","slug":"prevc-sai-willingenis-hooaja-kumnenda-voidu-suusahupped","status":"publish","type":"post","link":"https:\/\/www.europesays.com\/ee\/98000\/","title":{"rendered":"Prevc sai Willingenis hooaja k\u00fcmnenda v\u00f5idu | Suusah\u00fcpped"},"content":{"rendered":"<p>Suusah\u00fcpete MK-etapil Saksamaal Willingenis v\u00f5itis laup\u00e4eval m\u00e4ek\u00f5rguse eduga MK-sarja liider sloveen Domen Prevc.<\/p>\n<p>26-aastane sloveen n\u00e4itas k\u00e4imasoleval hooajal tavap\u00e4raseks saanud k\u00f5rget taset, kui h\u00fcppas 146,5 ja 155 meetrit, millega kogus 264,2 punkti ja teenis kindla esikoha. Seejuures j\u00e4i Prevc teisel h\u00fcppel poole meetri kaugusele Johann Andre Forfangi nimele kuuluvast m\u00e4erekordist.<\/p>\n<p>Teise koha sai jaapanlane Ren Nikaido, kes sai kirja 145 ja 147 meetri pikkused \u00f5hulennud. Ta kogus 242,2 punkti ehk 22 silma v\u00e4hem kui Prevc. Kodupubliku suureks r\u00f5\u00f5muks h\u00f5ivas pjedestaali madalaima astme Karl Geiger (140,5 ja 142 m; 237,8 p), kes p\u00e4\u00e4ses MK-sarjas esikolmikusse enam kui aastase pausi j\u00e4rel.<\/p>\n<p>MK-sarja \u00fcldarvestuses teisel kohal oleval jaapanlasel Ryoyo Kobayashil oli keeruline t\u00f6\u00f6p\u00e4ev. Ta piirdus avavoorus alles paremuselt 24. tulemusega, aga sooritas teises voorus v\u00e4geva 147-meetrise h\u00fcppe, mis t\u00f5stis ta kokkuv\u00f5ttes \u00fcheksandale kohale (217 p).<\/p>\n<p>Naiste seas saavutas esikoha norralanna Eirin Maria Kvandal 235,7 punktiga (138,5 m ja 143,5 m). Teiseks tuli MK-sarja liider Nika Prevc (133 ja 135 m; 224,4 p) ja kolmanda koha sai jaapanlanna Nozomi Maruyama (137 m ja 131,5 m; 217,8 p).<\/p>\n","protected":false},"excerpt":{"rendered":"Suusah\u00fcpete MK-etapil Saksamaal Willingenis v\u00f5itis laup\u00e4eval m\u00e4ek\u00f5rguse eduga MK-sarja liider sloveen Domen Prevc. 26-aastane sloveen n\u00e4itas k\u00e4imasoleval hooajal&hellip;\n","protected":false},"author":2,"featured_media":98001,"comment_status":"","ping_status":"","sticky":false,"template":"","format":"standard","meta":{"footnotes":"","_share_on_mastodon":"0"},"categories":[18],"tags":[1703,37,33,35,34,36,159,158,24342],"class_list":["post-98000","post","type-post","status-publish","format-standard","has-post-thumbnail","category-sport","tag-domen-prevc","tag-ee","tag-eesti","tag-eesti-keel","tag-estonia","tag-estonian","tag-sport","tag-sports","tag-suusahupete-mk-sari"],"share_on_mastodon":{"url":"https:\/\/pubeurope.com\/@ee\/115991351274694352","error":""},"_links":{"self":[{"href":"https:\/\/www.europesays.com\/ee\/wp-json\/wp\/v2\/posts\/98000","targetHints":{"allow":["GET"]}}],"collection":[{"href":"https:\/\/www.europesays.com\/ee\/wp-json\/wp\/v2\/posts"}],"about":[{"href":"https:\/\/www.europesays.com\/ee\/wp-json\/wp\/v2\/types\/post"}],"author":[{"embeddable":true,"href":"https:\/\/www.europesays.com\/ee\/wp-json\/wp\/v2\/users\/2"}],"replies":[{"embeddable":true,"href":"https:\/\/www.europesays.com\/ee\/wp-json\/wp\/v2\/comments?post=98000"}],"version-history":[{"count":0,"href":"https:\/\/www.europesays.com\/ee\/wp-json\/wp\/v2\/posts\/98000\/revisions"}],"wp:featuredmedia":[{"embeddable":true,"href":"https:\/\/www.europesays.com\/ee\/wp-json\/wp\/v2\/media\/98001"}],"wp:attachment":[{"href":"https:\/\/www.europesays.com\/ee\/wp-json\/wp\/v2\/media?parent=98000"}],"wp:term":[{"taxonomy":"category","embeddable":true,"href":"https:\/\/www.europesays.com\/ee\/wp-json\/wp\/v2\/categories?post=98000"},{"taxonomy":"post_tag","embeddable":true,"href":"https:\/\/www.europesays.com\/ee\/wp-json\/wp\/v2\/tags?post=98000"}],"curies":[{"name":"wp","href":"https:\/\/api.w.org\/{rel}","templated":true}]}}