{"id":98067,"date":"2026-02-01T04:01:15","date_gmt":"2026-02-01T04:01:15","guid":{"rendered":"https:\/\/www.europesays.com\/ee\/98067\/"},"modified":"2026-02-01T04:01:15","modified_gmt":"2026-02-01T04:01:15","slug":"magus-lopplahendus-hoidis-werderi-joone-kohal-st-pauli-otsib-abi-jaapanist-soccernet-ee","status":"publish","type":"post","link":"https:\/\/www.europesays.com\/ee\/98067\/","title":{"rendered":"Magus l\u00f5pplahendus hoidis Werderi joone kohal. St. Pauli otsib abi Jaapanist &#8211; Soccernet.ee"},"content":{"rendered":"<p><img decoding=\"async\" src=\"https:\/\/www.europesays.com\/ee\/wp-content\/uploads\/2026\/02\/1769868925.jpg\" alt=\"Michael Gregoritsch ja Karol Mets. Foto: Scanpix \/ Christian Kolbert \/ IMAGO \/ kolbert press\"\/>&#13;\n<\/p>\n<p>Bremeni Werderi peatreeneri\u00a0Horst Steffeni k\u00f5ikuv tool j\u00e4\u00e4b ebam\u00e4\u00e4rasesse asendisse, sest kodum\u00e4ng M\u00f6nchengladbachiga l\u00f5ppes k\u00fcll magusa viigiv\u00e4ravaga, kuid pikk v\u00f5idup\u00f5ud ikkagi j\u00e4tkub.<\/p>\n<p>Saksamaa meedia spekuleeris kohtumise eel, et <a href=\"https:\/\/soccernet.ee\/artikkel\/kaotus-em-tschuss-em-werderi-juhendajal-saabub-eesootavas-mangus-toehetk\" target=\"_blank\" rel=\"nofollow noopener\">Steffeni tuleviku seisukohalt on t\u00e4nane m\u00e4ng v\u00f5tmet\u00e4htsusega<\/a>. Karl Jakob Hein vaatas pingilt, kuidas\u00a0Haris Tabakovic skooris Mio Backhausi vastu 61. minuti kiirr\u00fcnnakul ning k\u00f5ik liikus musta stsenaariumi suunas.&#13;\n<\/p>\n<p>Neljanda \u00fcleminuti nurgal\u00f6\u00f6gi j\u00e4rel j\u00e4i aga pall k\u00fclaliste karistusalasse ekslema, kuniks see Keke Toppile ette p\u00f5rkas ja 21-aastane r\u00fcndaja selle raskest positsioonist suurep\u00e4rase l\u00f6\u00f6giga posti k\u00f5rvale saatis &#8211; 1:1!&#13;\n<\/p>\n<p>Viimati 7. novembril v\u00f5idumaitset tundnud ja seej\u00e4rel k\u00fcmne liigam\u00e4nguga vaid neli viigipunkti kogunud Werder j\u00e4i napilt ohutsooni kohale, edestades HSV-d ja Mainzi just selle \u00fche viigipunkti jagu.<\/p>\n<p>Werderist viie punkti kaugusel on Karol Metsa koduklubi St. Pauli, kel on samuti k\u00e4sil raske periood, mis eelk\u00f5ige v\u00e4ljendub suutmatuses v\u00e4ravaid l\u00fc\u00fca. T\u00e4na Augsburgi k\u00fclastades said nad punni pealt t\u00e4nu\u00a0Danel Sinani penaltile, kuid sellest punktide teenimiseks ei piisanud, sest\u00a0Michael Gregoritsch vastas kahe tabamusega. Mets tegi tavap\u00e4raselt kaasa kogu kohtumise.&#13;\n<\/p>\n<p>St. Pauli xG ehk eeldatav v\u00e4ravate hulk oli vastasest selgelt parem (2,42 Augsburgi 1,35 vastu), kuid v\u00f5imaluste realiseerimine ei kannatanud kriitikat. Ka eelmistes m\u00e4ngudes raiskamisega silma paistnud Ricky-Jade Jones luhtas avapoolajal kaks head v\u00e4ravav\u00f5imalust, Sinani ja Mathias Rasmussen j\u00e4tsid oma \u0161ansid kasutamata teisel poolajal.&#13;\n<\/p>\n<p>St. Pauli loodab abi leida Jaapanist, teatades t\u00e4na 26-aastase r\u00fcndaja\u00a0Taichi Hara liitumisest, kuid Augsburgi vastu ta veel koosseisu ei kuulunud. Hara saabub Saksamaale kodumaalt, ent Euroopa ei ole talle v\u00f5\u00f5ras &#8211; ta on varasemalt m\u00e4nginud nii Horvaatia ja Belgia k\u00f5rgliigas kui ka Hispaania esiliigas.&#13;<\/p>\n","protected":false},"excerpt":{"rendered":"&#13; Bremeni Werderi peatreeneri\u00a0Horst Steffeni k\u00f5ikuv tool j\u00e4\u00e4b ebam\u00e4\u00e4rasesse asendisse, sest kodum\u00e4ng M\u00f6nchengladbachiga l\u00f5ppes k\u00fcll magusa viigiv\u00e4ravaga, kuid&hellip;\n","protected":false},"author":2,"featured_media":98068,"comment_status":"","ping_status":"","sticky":false,"template":"","format":"standard","meta":{"footnotes":"","_share_on_mastodon":"0"},"categories":[18],"tags":[523,527,37,33,35,34,36,532,536,19575,51,159,158,1002,539],"class_list":["post-98067","post","type-post","status-publish","format-standard","has-post-thumbnail","category-sport","tag-augsburg","tag-bundesliga","tag-ee","tag-eesti","tag-eesti-keel","tag-estonia","tag-estonian","tag-hein","tag-karl-jakob-hein","tag-pauli","tag-saksamaa","tag-sport","tag-sports","tag-st-pauli","tag-werder"],"share_on_mastodon":{"url":"https:\/\/pubeurope.com\/@ee\/115993384278168627","error":""},"_links":{"self":[{"href":"https:\/\/www.europesays.com\/ee\/wp-json\/wp\/v2\/posts\/98067","targetHints":{"allow":["GET"]}}],"collection":[{"href":"https:\/\/www.europesays.com\/ee\/wp-json\/wp\/v2\/posts"}],"about":[{"href":"https:\/\/www.europesays.com\/ee\/wp-json\/wp\/v2\/types\/post"}],"author":[{"embeddable":true,"href":"https:\/\/www.europesays.com\/ee\/wp-json\/wp\/v2\/users\/2"}],"replies":[{"embeddable":true,"href":"https:\/\/www.europesays.com\/ee\/wp-json\/wp\/v2\/comments?post=98067"}],"version-history":[{"count":0,"href":"https:\/\/www.europesays.com\/ee\/wp-json\/wp\/v2\/posts\/98067\/revisions"}],"wp:featuredmedia":[{"embeddable":true,"href":"https:\/\/www.europesays.com\/ee\/wp-json\/wp\/v2\/media\/98068"}],"wp:attachment":[{"href":"https:\/\/www.europesays.com\/ee\/wp-json\/wp\/v2\/media?parent=98067"}],"wp:term":[{"taxonomy":"category","embeddable":true,"href":"https:\/\/www.europesays.com\/ee\/wp-json\/wp\/v2\/categories?post=98067"},{"taxonomy":"post_tag","embeddable":true,"href":"https:\/\/www.europesays.com\/ee\/wp-json\/wp\/v2\/tags?post=98067"}],"curies":[{"name":"wp","href":"https:\/\/api.w.org\/{rel}","templated":true}]}}