{"id":98137,"date":"2026-02-01T07:41:13","date_gmt":"2026-02-01T07:41:13","guid":{"rendered":"https:\/\/www.europesays.com\/ee\/98137\/"},"modified":"2026-02-01T07:41:13","modified_gmt":"2026-02-01T07:41:13","slug":"zahovaiko-argitab-mangijaid-mugavustsoonist-valja-astuma-ega-meile-palju-aega-ei-anta-macielist-mahust-mees-mehest-soccernet-ee","status":"publish","type":"post","link":"https:\/\/www.europesays.com\/ee\/98137\/","title":{"rendered":"Zahovaiko \u00e4rgitab m\u00e4ngijaid mugavustsoonist v\u00e4lja astuma: ega meile palju aega ei anta (+ Macielist, mahust, mees-mehest) &#8211; Soccernet.ee"},"content":{"rendered":"<p><img decoding=\"async\" src=\"https:\/\/www.europesays.com\/ee\/wp-content\/uploads\/2026\/01\/1765236141.jpg\" alt=\"Vjat\u0161eslav Zahovaiko on meeskonna hetkeseisuga rahul. Foto: Liisi Troska \/ jalgpall.ee\"\/>&#13;\n<\/p>\n<p>FCI Levadia liigub uue peatreeneri Vjat\u0161eslav Zahovaiko k\u00e4e all hooaja alguse suunas suures plaanis soovitud kursil. P\u00e4ris tagasil\u00f6\u00f6kideta siiski ei saada, sest testimisel olnud brasiillasest keskkaitsja Maciel pidi paraku lahkuma, ent talle otsitakse juba asemikku.<\/p>\n<p>P\u00e4rast kolmandat hooajaeelset kontrollm\u00e4ngu, kus Narva Transiga lepiti 0:0 viiki, oli Zahovaiko Soccernet.ee-ga vesteldes rahulolev. &#8220;Raske m\u00e4ng, raske vastane. Aga oli tempokas m\u00e4ng ja t\u00e4pselt see, mida meil vaja. Tuleb siin vastast ka t\u00e4nada! L\u00e4henemine oli m\u00f5lemale kasulik. M\u00f5lemad meeskonnd m\u00e4ngisid k\u00f5rget pressingut, natuke ootamatu oli meie jaoks v\u00f5ib-olla see, et vastane kasutas mees-mees strateegiat. Selleks me v\u00e4ga h\u00e4sti valmis ei olnud ja pidime k\u00f5vasti pingutama, aga \u00fcldises plaanis saab olla rahul,&#8221; v\u00f5ttis Zahovaiko m\u00e4ngu kokku.&#13;\n<\/p>\n<p>&#8220;Viimasel kolmandikul j\u00e4i natuke v\u00f5imalusi v\u00e4heks,&#8221; m\u00f6\u00f6nis ta, ent ei teinud sellest suuremat numbrit. V\u00e4rav j\u00e4igi Levadial l\u00f5puks l\u00f6\u00f6mata, ehkki algkoosseisu kuulus hulk r\u00fcndava pagasiga m\u00e4ngijaid &#8211; keskv\u00e4lja \u00fclemises liinis tegutsesid nii Robert Kirss, Mark Oliver Roosnupp kui ka Enock Otoo, lisaks r\u00fcndajatena Wendell ja Bubacarr Tambedou. Isegi \u00e4\u00e4rekaitsjad Joseph Saliste ja Frank Liivak on k\u00fcll viimastel aastatel selle positsiooni endale l\u00e4bi ja l\u00f5hki tuttavaks teinud, kuid m\u00f5lemad on l\u00e4bi senise karj\u00e4\u00e4ri olnud pigem r\u00fcndava suunitlusega m\u00e4ngijad.&#13;\n<\/p>\n<p>Kui arvestada, et n\u00e4dala eest proovis Zahovaiko paremkaitses sootuks 18-aastast Maksimilian Skvortsovi, kes seni tegutsenud r\u00fcndaja v\u00f5i r\u00fcndava poolkaitsjana, tekib \u00f5igustatud k\u00fcsimus &#8211; kas hooajale ongi plaanis nii hoogsalt peale minna? Zahovaiko andis m\u00f5ista, et osalt on sellised k\u00e4igud tingitud olemasolevast m\u00e4ngijate valikust, kuid samas usub ta, et nii m\u00f5nigi mees v\u00f5ib saada kasu v\u00e4ikesest raputusest, mis avab temas uusi tahke.<\/p>\n<p>Tuttavad mehed, uued rollid&#13;\n<\/p>\n<p>N\u00e4iteks on ka kunagine keskv\u00e4ljamees Rasmus Peetson tegutsenud kahes hooajaeelses m\u00e4ngus taas hoopis alumise poolkaitsja, mitte keskkaitsja rollis. Seejuures tuli Transi vastu teiseks poolajaks Peetsoni asemele Aleksander \u0160vedovski, kes k\u00fcll seni samuti keskv\u00e4ljal m\u00e4nginud, ent teinud seda ikkagi pigem r\u00fcndavas rollis. Pingilt sekkusid veel ka v\u00e4rskelt klubiga lepingu s\u00f5lminud Moussa Sambe ning Aleksandr Zakarljuka ja Gregor Lehtmets ehk v\u00e4ravale orienteeritud m\u00e4ngijate osas valitseb Levadias pealtn\u00e4ha suisa \u00fclek\u00fcllus.&#13;\n<\/p>\n<p>&#8220;K\u00f5ik tuleb \u00e4ra testida! Tahaks proovida mehi eri positsioonidel ja panna nad natuke ebamugavasse tsooni,&#8221; v\u00f5ttis Zahovaiko katsetused kokku. &#8220;Siis n\u00e4eme \u00e4ra, milline nende mitmek\u00fclgsus on. Ega meile ei anta ju v\u00e4ga palju aega! Kui mul nii palju r\u00fcndavaid m\u00e4ngijaid on, siis kuidagi on vaja nad ju kokku panna, et see oleks ka efektiivne. Peavalu &#8230; aga hea peavalu!&#8221; muigas Levadia juhendaja.&#13;\n<\/p>\n<blockquote class=\"instagram-media\" data-instgrm-captioned=\"\" data-instgrm-permalink=\"https:\/\/www.instagram.com\/reel\/DT-qqH2iHGk\/?utm_source=ig_embed&amp;utm_campaign=loading\" data-instgrm-version=\"14\" style=\" background:#FFF; border:0; border-radius:3px; box-shadow:0 0 1px 0 rgba(0,0,0,0.5),0 1px 10px 0 rgba(0,0,0,0.15); margin: 1px; max-width:540px; min-width:326px; padding:0; width:99.375%; width:-webkit-calc(100% - 2px); width:calc(100% - 2px);\"><p>&#13;<br \/>\n&#13;\n<\/p><\/blockquote>\n<p>Ajuti Levadia m\u00e4ngust silma paistnud teravuse puudumine v\u00f5ib tulla sellestki, et Levadia laob alles hooajaks p\u00f5hja ehk trennid on kohati rasked.\u00a0&#8220;Selja taga ei ole midagi! Meil on alles veebruar. Spetsasjad on vaja veel \u00e4ra teha. Kindel maht, kindel programm,&#8221; kinnitas Zahovaiko. &#8220;Mahu poole pealt on veebruar kindlasti t\u00e4htis kuu. Tuleb veel \u00fcksteist tundma \u00f5ppida, see v\u00f5tab veidike aega. Aga seda saan \u00f6elda, et tahtmise taha ei j\u00e4\u00e4 midagi. Poisid t\u00f6\u00f6tavad, meeleolu on hea,&#8221; kiitis ta.&#13;\n<\/p>\n<p>Brasiillane lahkus, kaitsjat ikka vaja&#13;\n<\/p>\n<p>\u00dcks positsioon on siiski murekoht, seda just s\u00fcgavuse m\u00f5ttes &#8211; korralik keskkaitsepaar on Tanel Tammiku ja Victory Iboro n\u00e4ol Levadial olemas,\u00a0 alati saab seal m\u00f5istagi m\u00e4ngida ka Peetson, kuid s\u00fcgavust vajatakse juurte. Zahovaiko t\u00f5des, et MLS-i kogemusega 26-aastane brasiillane Lucas Maciel Felix ei osutunud loodetud abimeheks.<\/p>\n<p>&#8220;Kahjuks tal tekkis v\u00e4ike tervisemure ja ta ei saanud meiega rohkem olla. Seekord meie teed l\u00e4ksid lahku,&#8221; s\u00f5nas Zahovaiko, aga kinnitas, et uue kaitsja otsinguil vaadatakse endiselt ringi. &#8220;Strateegiliselt vaadates &#8211; meil on pikk hooaeg ees, see l\u00f5peb alles novembri esimesel n\u00e4dalal. K\u00f5ik 36 m\u00e4ngu on vaja korralikul tasemel \u00e4ra m\u00e4ngida. Meil on vaja kindlasti \u00fcks korralik m\u00e4ngumees sinna saada.&#8221;&#13;\n<\/p>\n<p>Kuniks t\u00e4iendus leitakse, naudib Zahovaiko t\u00f6\u00f6d olemasoleva seltskonnaga. &#8220;Oleme saanud t\u00f5esti h\u00e4sti treenida &#8230; pt\u00fci-pt\u00fci-pt\u00fci! Viimsi hall on suurep\u00e4rane koht, kus saab trenni teha ja vormi koguda. Jaanuar on l\u00e4inud h\u00e4sti, oleme saanud k\u00f5ike teha. Pisiprobleeme tervisega on meestel ikka olnud, \u00f5nneks mitte pikaajalisi &#8211; m\u00f5ni \u00fcksik p\u00e4ev siia-sinna,&#8221; t\u00f5des Levadia juhendaja.<\/p>\n<p>          <script async src=\"\/\/www.instagram.com\/embed.js\"><\/script><\/p>\n","protected":false},"excerpt":{"rendered":"&#13; FCI Levadia liigub uue peatreeneri Vjat\u0161eslav Zahovaiko k\u00e4e all hooaja alguse suunas suures plaanis soovitud kursil. P\u00e4ris&hellip;\n","protected":false},"author":2,"featured_media":87939,"comment_status":"","ping_status":"","sticky":false,"template":"","format":"standard","meta":{"footnotes":"","_share_on_mastodon":"0"},"categories":[18],"tags":[37,33,35,34,36,1572,1358,43364,159,158,29616,30431],"class_list":["post-98137","post","type-post","status-publish","format-standard","has-post-thumbnail","category-sport","tag-ee","tag-eesti","tag-eesti-keel","tag-estonia","tag-estonian","tag-fci-levadia","tag-levadia","tag-maciel","tag-sport","tag-sports","tag-vjatseslav-zahovaiko","tag-zahovaiko"],"share_on_mastodon":{"url":"https:\/\/pubeurope.com\/@ee\/115994249306361787","error":""},"_links":{"self":[{"href":"https:\/\/www.europesays.com\/ee\/wp-json\/wp\/v2\/posts\/98137","targetHints":{"allow":["GET"]}}],"collection":[{"href":"https:\/\/www.europesays.com\/ee\/wp-json\/wp\/v2\/posts"}],"about":[{"href":"https:\/\/www.europesays.com\/ee\/wp-json\/wp\/v2\/types\/post"}],"author":[{"embeddable":true,"href":"https:\/\/www.europesays.com\/ee\/wp-json\/wp\/v2\/users\/2"}],"replies":[{"embeddable":true,"href":"https:\/\/www.europesays.com\/ee\/wp-json\/wp\/v2\/comments?post=98137"}],"version-history":[{"count":0,"href":"https:\/\/www.europesays.com\/ee\/wp-json\/wp\/v2\/posts\/98137\/revisions"}],"wp:featuredmedia":[{"embeddable":true,"href":"https:\/\/www.europesays.com\/ee\/wp-json\/wp\/v2\/media\/87939"}],"wp:attachment":[{"href":"https:\/\/www.europesays.com\/ee\/wp-json\/wp\/v2\/media?parent=98137"}],"wp:term":[{"taxonomy":"category","embeddable":true,"href":"https:\/\/www.europesays.com\/ee\/wp-json\/wp\/v2\/categories?post=98137"},{"taxonomy":"post_tag","embeddable":true,"href":"https:\/\/www.europesays.com\/ee\/wp-json\/wp\/v2\/tags?post=98137"}],"curies":[{"name":"wp","href":"https:\/\/api.w.org\/{rel}","templated":true}]}}