{"id":98215,"date":"2026-02-01T09:43:06","date_gmt":"2026-02-01T09:43:06","guid":{"rendered":"https:\/\/www.europesays.com\/ee\/98215\/"},"modified":"2026-02-01T09:43:06","modified_gmt":"2026-02-01T09:43:06","slug":"keskpangad-krahmavad-kulda-osta-eesti-pank-on-kogu-kulla-maha-muunud","status":"publish","type":"post","link":"https:\/\/www.europesays.com\/ee\/98215\/","title":{"rendered":"Keskpangad krahmavad kulda osta, Eesti Pank on kogu kulla maha m\u00fc\u00fcnud"},"content":{"rendered":"<p>Maailma riikide keskpangad on viimastel aastatel suurendanud oma kullavarusid ning meie naabri Soome kullareservi v\u00e4\u00e4rtus on kerkinud ajalooliselt k\u00f5rgeimale tasemele, ulatudes ligikaudu 6,1 miljardi euroni. Eesti Pangal on kulda vaid 256,6 kilogrammi ning seda on keskpank s\u00e4ilitanud pigem ajaloolistel kui finantsilistel p\u00f5hjustel.<\/p>\n<p>2024. aasta l\u00f5pus oli Eesti Panga investeerimisvarade v\u00e4\u00e4rtus kaks miljardit eurot, mis v\u00f5rdub umbes viie protsendiga sisemajanduse kogutoodangust.<\/p>\n","protected":false},"excerpt":{"rendered":"Maailma riikide keskpangad on viimastel aastatel suurendanud oma kullavarusid ning meie naabri Soome kullareservi v\u00e4\u00e4rtus on kerkinud ajalooliselt&hellip;\n","protected":false},"author":2,"featured_media":98216,"comment_status":"","ping_status":"","sticky":false,"template":"","format":"standard","meta":{"footnotes":"","_share_on_mastodon":"0"},"categories":[14],"tags":[131,130,37,33,35,47497,2183,34,36,47489,6920,47490,47496,9515,47494,47486,47491,47485,47487,47492,47488,47498,47495,47484,47499,47493,19529,2703],"class_list":["post-98215","post","type-post","status-publish","format-standard","has-post-thumbnail","category-ari","tag-ari","tag-business","tag-ee","tag-eesti","tag-eesti-keel","tag-eesti-kullavaru","tag-eesti-pank","tag-estonia","tag-estonian","tag-finantsvarad","tag-keskpangad","tag-keskpankade-kullapoliitika","tag-kuld-elaniku-kohta","tag-kulla-hind","tag-kulla-kokkuost","tag-kulla-maailmaturuhind","tag-kulla-osakaal-reservides","tag-kullareservid","tag-kullavaru","tag-mika-poso","tag-riigi-reservid","tag-saksamaa-kullareserv","tag-soome-kullareserv","tag-soome-pank","tag-sveitsi-kullareserv","tag-tavid-ou","tag-usa-riigivolakirjad","tag-volakirjad"],"share_on_mastodon":{"url":"https:\/\/pubeurope.com\/@ee\/115994729192221391","error":""},"_links":{"self":[{"href":"https:\/\/www.europesays.com\/ee\/wp-json\/wp\/v2\/posts\/98215","targetHints":{"allow":["GET"]}}],"collection":[{"href":"https:\/\/www.europesays.com\/ee\/wp-json\/wp\/v2\/posts"}],"about":[{"href":"https:\/\/www.europesays.com\/ee\/wp-json\/wp\/v2\/types\/post"}],"author":[{"embeddable":true,"href":"https:\/\/www.europesays.com\/ee\/wp-json\/wp\/v2\/users\/2"}],"replies":[{"embeddable":true,"href":"https:\/\/www.europesays.com\/ee\/wp-json\/wp\/v2\/comments?post=98215"}],"version-history":[{"count":0,"href":"https:\/\/www.europesays.com\/ee\/wp-json\/wp\/v2\/posts\/98215\/revisions"}],"wp:featuredmedia":[{"embeddable":true,"href":"https:\/\/www.europesays.com\/ee\/wp-json\/wp\/v2\/media\/98216"}],"wp:attachment":[{"href":"https:\/\/www.europesays.com\/ee\/wp-json\/wp\/v2\/media?parent=98215"}],"wp:term":[{"taxonomy":"category","embeddable":true,"href":"https:\/\/www.europesays.com\/ee\/wp-json\/wp\/v2\/categories?post=98215"},{"taxonomy":"post_tag","embeddable":true,"href":"https:\/\/www.europesays.com\/ee\/wp-json\/wp\/v2\/tags?post=98215"}],"curies":[{"name":"wp","href":"https:\/\/api.w.org\/{rel}","templated":true}]}}