{"id":98300,"date":"2026-02-01T12:09:07","date_gmt":"2026-02-01T12:09:07","guid":{"rendered":"https:\/\/www.europesays.com\/ee\/98300\/"},"modified":"2026-02-01T12:09:07","modified_gmt":"2026-02-01T12:09:07","slug":"kohus-kaskis-vabastada-ice-poolt-vahistatud-viieaastase-poisi-maailm-postimees-ee","status":"publish","type":"post","link":"https:\/\/www.europesays.com\/ee\/98300\/","title":{"rendered":"Kohus k\u00e4skis vabastada ICE poolt vahistatud viieaastase poisi &#8211; Maailm &#8211; Postimees.ee"},"content":{"rendered":"<ol>\n<li><a href=\"https:\/\/news.google.com\/rss\/articles\/CBMingFBVV95cUxPT3JCRjlJNXJ5ano1SnAwZVlfM3NTNW1udUJuSjZYelotYXUyTTNpcUVHQlpla0dWT3U5TVVTRG5pWlFobDRnZ2N1NGhzeTRlOGZYaTI3dm9SNVBlS2N5WVlPckE4TTFBUWxsWUNmS3FWUXUyT3FJS0VfWGVNN1NSZURUMjgtbE1BSk1ieXFNT1Z5OThEUWJHaWNlZG44dw?oc=5\" target=\"_blank\" rel=\"nofollow noopener\">Kohus k\u00e4skis vabastada ICE poolt vahistatud viieaastase poisi<\/a>&nbsp;&nbsp;Maailm &#8211; Postimees.ee<\/li>\n<li><a href=\"https:\/\/news.google.com\/rss\/articles\/CBMirgFBVV95cUxOTU5EWTdzUm1NRGpfVlRMcWVPanc2NUk0TzRWc1hOVkc0Mm1TVXd0X3ltSnhkVHhaZXJYLWdSUUdDY2xMSDFKTUFOZFlMMS16NWh2d1dZaVVlWVVHTE9tclo0eklCOGhPRGppSzloUnBfR1k5aTR2TXNTS1NDOXlHbmYyTE1TUzltMkRGdjBOSndoU2tfUDRQZHRNR3JJSlJmbURhOGZMaWVxUGZwT0E?oc=5\" target=\"_blank\" rel=\"nofollow noopener\">KASUTASID LAST S\u00d6\u00d6DANA? USA immigratsiooniagendid vahistasid viieaastase poisi<\/a>&nbsp;&nbsp;\u00d5htuleht<\/li>\n<li><a href=\"https:\/\/news.google.com\/rss\/articles\/CBMinAFBVV95cUxPVmgwbTlZTjJuUll4ZUpjQkUxYy1GLTMweE9aNU9iUkFpRFhENklZNjRkT1FQMnRXdUlnMHlyNWRremhzLTd6cEFvbU8zOUl3S2JhdEtJMmExSG93MTBaZGhGVUVWZDhxa0VRX3BKaEVGSFQ2LVM0RV8xZndIZ18tcW1hVl9udllQZ0czcHpaVjNOcTFnYll0TUlLbG4?oc=5\" target=\"_blank\" rel=\"nofollow noopener\">USA immigratsiooniagendid v\u00f5tsid kinni viieaastase poisi<\/a>&nbsp;&nbsp;Delfi<\/li>\n<li><a href=\"https:\/\/news.google.com\/rss\/articles\/CBMijAFBVV95cUxNZlJDbVJZOVdUdGpEVlphRmhSNTlORGt0X2s2U3RrTVpBdTZqOTdJclM2RVVBOUhFOFlDTDNybWpkNWplNVU1RTZIZjAwemNKLTEwR0pjQnBEQ3RfSDZaYnE4aDVYNVhhYkg5b2Z3MGZqSDNnd1Rlc3lnM3E2N2RyakNSZTRiZy0wdTdwcA?oc=5\" target=\"_blank\" rel=\"nofollow noopener\">Lumetorm t\u00f5i USA l\u00f5unaosariikidesse liikluskaose<\/a>&nbsp;&nbsp;Maailm &#8211; Postimees.ee<\/li>\n<\/ol>\n","protected":false},"excerpt":{"rendered":"Kohus k\u00e4skis vabastada ICE poolt vahistatud viieaastase poisi&nbsp;&nbsp;Maailm &#8211; Postimees.ee KASUTASID LAST S\u00d6\u00d6DANA? USA immigratsiooniagendid vahistasid viieaastase poisi&nbsp;&nbsp;\u00d5htuleht&hellip;\n","protected":false},"author":2,"featured_media":98301,"comment_status":"","ping_status":"","sticky":false,"template":"","format":"standard","meta":{"footnotes":"","_share_on_mastodon":"0"},"categories":[5],"tags":[47527,26,27,9312,37,33,35,34,36,31,32,47526,21,28,29,47530,9302,19,25,23,24,47528,22,20,30,47529],"class_list":["post-98300","post","type-post","status-publish","format-standard","has-post-thumbnail","category-uldised-uudised","tag-adrian","tag-breaking-news","tag-breakingnews","tag-ecuador","tag-ee","tag-eesti","tag-eesti-keel","tag-estonia","tag-estonian","tag-featured-news","tag-featurednews","tag-fred-biery","tag-headlines","tag-latest-news","tag-latestnews","tag-liam","tag-minneapolis","tag-news","tag-populaarseimad-lood","tag-top-stories","tag-topstories","tag-trump-administration","tag-uldised-uudised","tag-uudised","tag-viimased-uudised","tag-zena-stenvik"],"share_on_mastodon":{"url":"https:\/\/pubeurope.com\/@ee\/115995303152513490","error":""},"_links":{"self":[{"href":"https:\/\/www.europesays.com\/ee\/wp-json\/wp\/v2\/posts\/98300","targetHints":{"allow":["GET"]}}],"collection":[{"href":"https:\/\/www.europesays.com\/ee\/wp-json\/wp\/v2\/posts"}],"about":[{"href":"https:\/\/www.europesays.com\/ee\/wp-json\/wp\/v2\/types\/post"}],"author":[{"embeddable":true,"href":"https:\/\/www.europesays.com\/ee\/wp-json\/wp\/v2\/users\/2"}],"replies":[{"embeddable":true,"href":"https:\/\/www.europesays.com\/ee\/wp-json\/wp\/v2\/comments?post=98300"}],"version-history":[{"count":0,"href":"https:\/\/www.europesays.com\/ee\/wp-json\/wp\/v2\/posts\/98300\/revisions"}],"wp:featuredmedia":[{"embeddable":true,"href":"https:\/\/www.europesays.com\/ee\/wp-json\/wp\/v2\/media\/98301"}],"wp:attachment":[{"href":"https:\/\/www.europesays.com\/ee\/wp-json\/wp\/v2\/media?parent=98300"}],"wp:term":[{"taxonomy":"category","embeddable":true,"href":"https:\/\/www.europesays.com\/ee\/wp-json\/wp\/v2\/categories?post=98300"},{"taxonomy":"post_tag","embeddable":true,"href":"https:\/\/www.europesays.com\/ee\/wp-json\/wp\/v2\/tags?post=98300"}],"curies":[{"name":"wp","href":"https:\/\/api.w.org\/{rel}","templated":true}]}}