{"id":98322,"date":"2026-02-01T12:52:06","date_gmt":"2026-02-01T12:52:06","guid":{"rendered":"https:\/\/www.europesays.com\/ee\/98322\/"},"modified":"2026-02-01T12:52:06","modified_gmt":"2026-02-01T12:52:06","slug":"lugeja-mure-kas-nutikodu-rike-jatab-toa-kulmaks-bisly-selgitab-susteemi-toimimist","status":"publish","type":"post","link":"https:\/\/www.europesays.com\/ee\/98322\/","title":{"rendered":"Lugeja mure: kas nutikodu rike j\u00e4tab toa k\u00fclmaks? Bisly selgitab s\u00fcsteemi toimimist"},"content":{"rendered":"<p>A-energiaklassi maja elaniku s\u00f5nul on hooneautomaatika kuu aja jooksul korduvalt kokku jooksnud. Elanik kirjeldas olukorda riskantsena, kartes, et kui serveri\u00fchendus kaob, lakkab t\u00f6\u00f6tamast ka k\u00fcttes\u00fcsteem ning elanikul puudub v\u00f5imalus seda ise taask\u00e4ivitada.<\/p>\n<p>Bisly kasvujuht Merilin-Ingrid Kaalep selgitab, et hooneautomaatika on \u00fcles ehitatud nii, et korterite k\u00fctte juhtimine toimub hoones asuvate kontrollerite kaudu ega s\u00f5ltu WiFi-v\u00f5rgust, tahvelarvutist ega pilveteenusest. \u201eInterneti\u00fchenduse katkemine ei m\u00f5juta k\u00fctte toimimist ning k\u00fcttes\u00fcsteem j\u00e4tkab t\u00f6\u00f6d tavap\u00e4raselt.\u201c<\/p>\n<p>Oled juba tellija?Logi sisse<\/p>\n<p><a href=\"https:\/\/arileht.delfi.ee\/artikkel\/120433177\/lugeja-mure-kas-nutikodu-rike-jatab-toa-kulmaks-bisly-selgitab-susteemi-toimimist\/kommentaarid\" class=\"article-body-bottom__comment article-body-bottom__comment--write button button--primary button--size-auto\" rel=\"nofollow noopener\" target=\"_blank\"> Kommenteeri <\/a><a href=\"https:\/\/arileht.delfi.ee\/artikkel\/120433177\/lugeja-mure-kas-nutikodu-rike-jatab-toa-kulmaks-bisly-selgitab-susteemi-toimimist\/kommentaarid\" class=\"article-body-bottom__comment article-body-bottom__comment--read button button--size-auto\" rel=\"nofollow noopener\" target=\"_blank\"> Loe kommentaare (11)<\/a><\/p>\n","protected":false},"excerpt":{"rendered":"A-energiaklassi maja elaniku s\u00f5nul on hooneautomaatika kuu aja jooksul korduvalt kokku jooksnud. Elanik kirjeldas olukorda riskantsena, kartes, et&hellip;\n","protected":false},"author":2,"featured_media":98323,"comment_status":"","ping_status":"","sticky":false,"template":"","format":"standard","meta":{"footnotes":"","_share_on_mastodon":"0"},"categories":[12],"tags":[26,27,37,33,35,1641,34,36,31,32,21,7378,28,29,19,27304,25,23,24,22,20,30],"class_list":["post-98322","post","type-post","status-publish","format-standard","has-post-thumbnail","category-eesti","tag-breaking-news","tag-breakingnews","tag-ee","tag-eesti","tag-eesti-keel","tag-ehitamine","tag-estonia","tag-estonian","tag-featured-news","tag-featurednews","tag-headlines","tag-kute","tag-latest-news","tag-latestnews","tag-news","tag-nutikodu","tag-populaarseimad-lood","tag-top-stories","tag-topstories","tag-uldised-uudised","tag-uudised","tag-viimased-uudised"],"share_on_mastodon":{"url":"https:\/\/pubeurope.com\/@ee\/115995472301320732","error":""},"_links":{"self":[{"href":"https:\/\/www.europesays.com\/ee\/wp-json\/wp\/v2\/posts\/98322","targetHints":{"allow":["GET"]}}],"collection":[{"href":"https:\/\/www.europesays.com\/ee\/wp-json\/wp\/v2\/posts"}],"about":[{"href":"https:\/\/www.europesays.com\/ee\/wp-json\/wp\/v2\/types\/post"}],"author":[{"embeddable":true,"href":"https:\/\/www.europesays.com\/ee\/wp-json\/wp\/v2\/users\/2"}],"replies":[{"embeddable":true,"href":"https:\/\/www.europesays.com\/ee\/wp-json\/wp\/v2\/comments?post=98322"}],"version-history":[{"count":0,"href":"https:\/\/www.europesays.com\/ee\/wp-json\/wp\/v2\/posts\/98322\/revisions"}],"wp:featuredmedia":[{"embeddable":true,"href":"https:\/\/www.europesays.com\/ee\/wp-json\/wp\/v2\/media\/98323"}],"wp:attachment":[{"href":"https:\/\/www.europesays.com\/ee\/wp-json\/wp\/v2\/media?parent=98322"}],"wp:term":[{"taxonomy":"category","embeddable":true,"href":"https:\/\/www.europesays.com\/ee\/wp-json\/wp\/v2\/categories?post=98322"},{"taxonomy":"post_tag","embeddable":true,"href":"https:\/\/www.europesays.com\/ee\/wp-json\/wp\/v2\/tags?post=98322"}],"curies":[{"name":"wp","href":"https:\/\/api.w.org\/{rel}","templated":true}]}}