{"id":98334,"date":"2026-02-01T13:11:16","date_gmt":"2026-02-01T13:11:16","guid":{"rendered":"https:\/\/www.europesays.com\/ee\/98334\/"},"modified":"2026-02-01T13:11:16","modified_gmt":"2026-02-01T13:11:16","slug":"kozuhhovski-ja-trans-otsivad-sobivaid-tugevdusi-meil-on-vahendeid-neid-tuleb-kasutada-soccernet-ee","status":"publish","type":"post","link":"https:\/\/www.europesays.com\/ee\/98334\/","title":{"rendered":"Ko\u017euhhovski ja Trans otsivad sobivaid tugevdusi: meil on vahendeid, neid tuleb kasutada &#8211; Soccernet.ee"},"content":{"rendered":"<p><a href=\"https:\/\/soccernet.ee\/fotod\/tt-jk-narva-trans-tartu-jk-tammeka\" rel=\"nofollow noopener\" target=\"_blank\"><img decoding=\"async\" src=\"https:\/\/www.europesays.com\/ee\/wp-content\/uploads\/2026\/02\/1768690454.jpg\" alt=\"Roman Ko\u017euhhovski leidis m\u00e4ngust Levadiaga omajagu plusse. Foto: Janek  Eslon\"\/><\/a>&#13;\n<\/p>\n<p>Narva Transi peatreener Roman Ko\u017euhhovski lausus p\u00e4rast FCI Levadiaga tehtud 0:0 viiki, et ettevalmistumine hooajaks kulgeb oodatult. Endiselt otsitakse turult aga sobivaid t\u00e4iendusi.<\/p>\n<p>&#8220;Kolmas treeningm\u00e4ng ja meeskonnal on praegu suured koormused. Saime sellest m\u00e4ngust k\u00e4tte v\u00e4ga vajaliku f\u00fc\u00fcsilise pingutuse, teiseks v\u00f5imaluse kontrollida vaimset valmisolekut. Kuidas meil \u00f5nnestub m\u00e4ngus toimuvale reageerida, mis tuleb v\u00e4lja, mis mitte? Kolmas k\u00fclg on taktikaline, sest paus on olnud pikk. Tuleb j\u00e4lle \u00f5igele lainele saada. P\u00fc\u00fcame meelde tuletada, mis on meie alusp\u00f5him\u00f5tted. Ning neljandaks on t\u00e4htis distsipliin. Tulemus ei oma rohkem t\u00e4htsust peale selle, et poisid saaksid hea tuju,&#8221; loetles Ko\u017euhhovski.&#13;\n<\/p>\n<p>Tema s\u00f5nul oli kohtumises Levadiaga omajagu positiivset. &#8220;K\u00f5ige t\u00e4htsam on sellistes m\u00e4ngudes alati see, et keegi vigastada ei saaks. Ja sellega l\u00e4ks seekord h\u00e4sti, nii et t\u00f6\u00f6tame edasi.&#8221;&#13;\n<\/p>\n<p>Ehkki Transi read pole eelmise aastaga v\u00f5rreldes \u00fclem\u00e4\u00e4ra muutunud, on eelmistes m\u00e4ngudes end klubile siiski n\u00e4itamas k\u00e4inud mitu v\u00e4lismaalast.\u00a0 V\u00e4rskeim n\u00e4gu oli Levadia vastu paark\u00fcmmend minutit kirja saanud brasiillasest poolkaitsja Kaua Miranda Da Silva. 21-aastased r\u00fcndajad Lui Bradbury ja Jevhen Le\u0161t\u0161insk\u00f5i on n\u00fc\u00fcdseks juba meeskonna juurest lahkunud, inglasest kaitsja Harvey Rowe samas mitte.<\/p>\n<p>&#8220;Bradbury ja Le\u0161t\u0161inski ei olnud meie noortest tugevamad. Harvey sai v\u00e4ikese vigastuse, aga tahame teda veel j\u00e4lgida. N\u00fc\u00fcd j\u00f5udis meie juurde noor, 2008. aastal s\u00fcndinud Kaua. Vaatame, mis mehega tegu, aga tema on nii v\u00f5i naa tulevikuprojekt,&#8221; s\u00f5nas Ko\u017euhhovski. Peatreeneri s\u00f5nul on juba esmasp\u00e4eval oodata veel paari uue v\u00e4lism\u00e4ngija saabumist &#8211; eesk\u00e4tt vajatakse t\u00e4iendust r\u00fcndeliini, keskv\u00e4ljale ja \u00e4\u00e4rele. &#8220;Juhtkond on andnud kinnituse, et meil on veel meeskonna tugevdamiseks vahendeid. Nii et p\u00fc\u00fcame neid kasutada.&#8221;&#13;\n<\/p>\n<p>Ko\u017euhhovski r\u00f5hutas, et puudust tuntakse veel German \u0160leinist, Cristian Campagnast ja Josue Dokest, kes k\u00f5ik taastuvad vigastustest. &#8220;Hooaja algusesks on k\u00f5ik kolm siiski valmis, selles olen kindel. Meil on kogenud mehi vaja, selle t\u00f5ttu on mul v\u00e4ga hea meel, et terved on nii Deniss Poljakov, Irie kui ka Artjom \u0160kinjov, kes m\u00e4ngis k\u00fcmnekuulise pausi j\u00e4rel seekord terve poolaja,&#8221; lausus Transi juhendaja.<\/p>\n","protected":false},"excerpt":{"rendered":"&#13; Narva Transi peatreener Roman Ko\u017euhhovski lausus p\u00e4rast FCI Levadiaga tehtud 0:0 viiki, et ettevalmistumine hooajaks kulgeb oodatult.&hellip;\n","protected":false},"author":2,"featured_media":98335,"comment_status":"","ping_status":"","sticky":false,"template":"","format":"standard","meta":{"footnotes":"","_share_on_mastodon":"0"},"categories":[18],"tags":[1232,37,33,35,34,36,7302,457,167,450,159,158,459,47537],"class_list":["post-98334","post","type-post","status-publish","format-standard","has-post-thumbnail","category-sport","tag-doke","tag-ee","tag-eesti","tag-eesti-keel","tag-estonia","tag-estonian","tag-kozuhhovski","tag-narva-trans","tag-premium-liiga","tag-slein","tag-sport","tag-sports","tag-trans","tag-treeningumangud"],"share_on_mastodon":{"url":"https:\/\/pubeurope.com\/@ee\/115995546948826137","error":""},"_links":{"self":[{"href":"https:\/\/www.europesays.com\/ee\/wp-json\/wp\/v2\/posts\/98334","targetHints":{"allow":["GET"]}}],"collection":[{"href":"https:\/\/www.europesays.com\/ee\/wp-json\/wp\/v2\/posts"}],"about":[{"href":"https:\/\/www.europesays.com\/ee\/wp-json\/wp\/v2\/types\/post"}],"author":[{"embeddable":true,"href":"https:\/\/www.europesays.com\/ee\/wp-json\/wp\/v2\/users\/2"}],"replies":[{"embeddable":true,"href":"https:\/\/www.europesays.com\/ee\/wp-json\/wp\/v2\/comments?post=98334"}],"version-history":[{"count":0,"href":"https:\/\/www.europesays.com\/ee\/wp-json\/wp\/v2\/posts\/98334\/revisions"}],"wp:featuredmedia":[{"embeddable":true,"href":"https:\/\/www.europesays.com\/ee\/wp-json\/wp\/v2\/media\/98335"}],"wp:attachment":[{"href":"https:\/\/www.europesays.com\/ee\/wp-json\/wp\/v2\/media?parent=98334"}],"wp:term":[{"taxonomy":"category","embeddable":true,"href":"https:\/\/www.europesays.com\/ee\/wp-json\/wp\/v2\/categories?post=98334"},{"taxonomy":"post_tag","embeddable":true,"href":"https:\/\/www.europesays.com\/ee\/wp-json\/wp\/v2\/tags?post=98334"}],"curies":[{"name":"wp","href":"https:\/\/api.w.org\/{rel}","templated":true}]}}