{"id":98393,"date":"2026-02-01T14:44:31","date_gmt":"2026-02-01T14:44:31","guid":{"rendered":"https:\/\/www.europesays.com\/ee\/98393\/"},"modified":"2026-02-01T14:44:31","modified_gmt":"2026-02-01T14:44:31","slug":"aasta-kirjandusopetaja-kirsi-rannaste-alati-on-klassis-keegi-kes-tahab-ka-vabatahtlikult-lugeda-kirjandus","status":"publish","type":"post","link":"https:\/\/www.europesays.com\/ee\/98393\/","title":{"rendered":"Aasta kirjandus\u00f5petaja Kirsi Rannaste: alati on klassis keegi, kes tahab ka vabatahtlikult lugeda | Kirjandus"},"content":{"rendered":"<p>30. jaanuaril valiti seekordseks aasta kirjandus\u00f5petajaks Viimsi G\u00fcmnaasiumi eesti keele ja kirjanduse \u00f5petaja Kirsi Rannaste, kes \u00fctles &#8220;Deltale&#8221; antud intervjuus, et praegusel ajal on klassiruumis p\u00e4ris suured k\u00e4\u00e4rid lugemuse osas.<\/p>\n<p>Kirsi Rannaste on \u00fcle 30 aasta t\u00f6\u00f6tanud eesti keele ja kirjanduse \u00f5petajana. &#8220;Mul on olnud \u00f5nn t\u00f6\u00f6tada nende aastate jooksul v\u00e4ga toredate kolleegidega, eesti keele ja kirjanduse \u00f5petajad on toredad, sest kunagi pole kasv\u00f5i mingisuguse raamatu, filmi v\u00f5i teatrilavastuse kohta jutuainest puudust,&#8221; kinnitas ta ja lisas, et samav\u00f5rd olulised on \u00f5pilased. &#8220;\u00d5petajat\u00f6\u00f6 pole v\u00e4ga lihtne ja mida aeg edasi on l\u00e4inud, siis \u00f5pilased ei taha v\u00f5ib-olla nii palju lugeda, aga alati on keegi, kes tahab lugeda ja kes tahab ka vabatahtlikult lugeda.&#8221;<\/p>\n<p>&#8220;See, et minust \u00f5petaja saab, oli ilmselt keskkooli ajal teada, v\u00e4hemalt minu \u00f5petajatel oli teada, et minust v\u00f5iks samuti saada \u00f5petaja,&#8221; meenutas ta ja lisas, et \u00e4ratundmine oli 11. klassis, kui tutvustati erinevaid erialasid. &#8220;Ma m\u00e4letan, et istusin seal ruumis, kus tutvustati Eduard Vilde nimelist pedagoogilist instituuti ja mulle kuidagi tundus, et see on minu tee ning ma l\u00e4ksingi katsetama.&#8221;<\/p>\n<p>&#8220;Olen v\u00e4ga t\u00e4nulik, et see esimene katse \u00f5nnestus, sest sellest viiest aastast \u00fclikoolis on mul v\u00e4ga palju kaasa v\u00f5tta, k\u00f5igepealt on kaasa v\u00f5tta palju toredaid \u00f5ppej\u00f5ude ja seda, mida nad \u00f5petasid, aga nendest aastatest s\u00fcndis ka s\u00f5pruskond, kellega siiamaani k\u00e4ime koos,&#8221; mainis Rannaste.<\/p>\n<p>Tema s\u00f5nul on klassiruumis p\u00e4ris suured k\u00e4\u00e4rid lugemuse osas. &#8220;On selliseid, kes on lugenud aastaid, kes oskavad ise endale valikuid teha ja kes oskavad ka k\u00fcsida soovitusi nii \u00f5petaja, tuttavate kui ka klassikaaslaste k\u00e4est, aga siis on ka selliseid \u00f5pilasi, kellel on raske lugeda,&#8221; \u00fctles ta ja lisas, et raskus ei pruugi tulla ainult sellest, et kodune keel on teine, vaid lugemine on lihtsalt tegevus, mida ta pole pidanud oluliseks.<\/p>\n<p>&#8220;Lugemine on pingutus, see t\u00e4hendab seda, et sa pead keskenduma ja otsima midagi rohkemat kui lihtsalt s\u00f5nad ja read, vaid pead vaatama ka ridade vahele,&#8221; kinnitas Kirsi Rannaste ja mainis, et noored tunnistavad ka ise, et ongi raske keskenduda millelegi pikemalt.<\/p>\n<p>&#8220;Oleme Viimsi G\u00fcmnaasiumis pannud pead kokku ja m\u00f5elnud, mis on need tekstid, mida meie kooli \u00f5pilane peaks olema kogenud, lugenud v\u00f5i tutvunud, nende hulgas on kindlasti &#8220;T\u00f5e ja \u00f5iguse&#8221; esimene osa, see on teos, mis on nn t\u00fcvitekst,&#8221; \u00fctles ta ja lisas, et &#8220;T\u00f5de ja \u00f5igus&#8221; n\u00f5uab lahtimuukimist, sest elu, mida inimesed seal elavad, on teistsugune. &#8220;Me pole enam ammu maainimesed, seega on p\u00e4ris palju vaja seletada.&#8221;<\/p>\n","protected":false},"excerpt":{"rendered":"30. jaanuaril valiti seekordseks aasta kirjandus\u00f5petajaks Viimsi G\u00fcmnaasiumi eesti keele ja kirjanduse \u00f5petaja Kirsi Rannaste, kes \u00fctles &#8220;Deltale&#8221;&hellip;\n","protected":false},"author":2,"featured_media":98394,"comment_status":"","ping_status":"","sticky":false,"template":"","format":"standard","meta":{"footnotes":"","_share_on_mastodon":"0"},"categories":[12],"tags":[46911,26,27,26418,37,33,35,34,36,31,32,21,178,46912,28,29,13723,19,25,23,24,22,20,30],"class_list":["post-98393","post","type-post","status-publish","format-standard","has-post-thumbnail","category-eesti","tag-aasta-kirjandusopetaja","tag-breaking-news","tag-breakingnews","tag-delta","tag-ee","tag-eesti","tag-eesti-keel","tag-estonia","tag-estonian","tag-featured-news","tag-featurednews","tag-headlines","tag-kirjandus","tag-kirsi-rannaste","tag-latest-news","tag-latestnews","tag-marge-ly-rookaar","tag-news","tag-populaarseimad-lood","tag-top-stories","tag-topstories","tag-uldised-uudised","tag-uudised","tag-viimased-uudised"],"share_on_mastodon":{"url":"https:\/\/pubeurope.com\/@ee\/115995912693167894","error":""},"_links":{"self":[{"href":"https:\/\/www.europesays.com\/ee\/wp-json\/wp\/v2\/posts\/98393","targetHints":{"allow":["GET"]}}],"collection":[{"href":"https:\/\/www.europesays.com\/ee\/wp-json\/wp\/v2\/posts"}],"about":[{"href":"https:\/\/www.europesays.com\/ee\/wp-json\/wp\/v2\/types\/post"}],"author":[{"embeddable":true,"href":"https:\/\/www.europesays.com\/ee\/wp-json\/wp\/v2\/users\/2"}],"replies":[{"embeddable":true,"href":"https:\/\/www.europesays.com\/ee\/wp-json\/wp\/v2\/comments?post=98393"}],"version-history":[{"count":0,"href":"https:\/\/www.europesays.com\/ee\/wp-json\/wp\/v2\/posts\/98393\/revisions"}],"wp:featuredmedia":[{"embeddable":true,"href":"https:\/\/www.europesays.com\/ee\/wp-json\/wp\/v2\/media\/98394"}],"wp:attachment":[{"href":"https:\/\/www.europesays.com\/ee\/wp-json\/wp\/v2\/media?parent=98393"}],"wp:term":[{"taxonomy":"category","embeddable":true,"href":"https:\/\/www.europesays.com\/ee\/wp-json\/wp\/v2\/categories?post=98393"},{"taxonomy":"post_tag","embeddable":true,"href":"https:\/\/www.europesays.com\/ee\/wp-json\/wp\/v2\/tags?post=98393"}],"curies":[{"name":"wp","href":"https:\/\/api.w.org\/{rel}","templated":true}]}}