{"id":98401,"date":"2026-02-01T14:56:07","date_gmt":"2026-02-01T14:56:07","guid":{"rendered":"https:\/\/www.europesays.com\/ee\/98401\/"},"modified":"2026-02-01T14:56:07","modified_gmt":"2026-02-01T14:56:07","slug":"daniil-glinka-kaotas-voitlusliku-finaali-kuid-kerkib-maailma-edetabelis-uude-korgusesse","status":"publish","type":"post","link":"https:\/\/www.europesays.com\/ee\/98401\/","title":{"rendered":"Daniil Glinka kaotas v\u00f5itlusliku finaali, kuid kerkib maailma edetabelis uude k\u00f5rgusesse"},"content":{"rendered":"<p>Glinka l\u00e4ks finaalis vastamisi Luksemburgi <a rel=\"noopener nofollow\" target=\"_blank\" href=\"https:\/\/www.delfi.ee\/teema\/82733623\/tennis\" tag-id=\"82733623\">tennisisti<\/a> Chris Roderschiga (ATP 209.) ning kaotas tund ja 48 minutit kestnud kohtumise 3:6, 5:7.<\/p>\n<p>Glinka alustas m\u00e4ngu h\u00e4sti, murdes ligi kaks meetrit pika vastase servi kohe esimeses geimis. Paraku vastas Rodesch Glinka murdele nelja j\u00e4rjestikuse geimiv\u00f5iduga, mille toel v\u00f5itis ta 47 minutit kestnud avaseti 6:3.<\/p>\n<p>Teises setis suutsid m\u00f5lemad m\u00e4ngijad enda servigeime hoida kuni seisini 5:5. Siis j\u00e4ttis Glinka enda servil kasutamata kaks geimpalli ja lasi vastasel murda. Kuigi eestlasel oli j\u00e4rgmises geimis kasutada omakorda kaks murdepalli, l\u00f5i Rodesch esimeselt mat\u0161pallilt m\u00e4ngu lukku.<\/p>\n<p>Glinka servis neli \u00e4ssa ja tegi sama palju topeltvigu, Rodesch piirdus kolme \u00e4ssaga ja tegi kaks topeltviga. Glinka esimene serv \u00f5nnetus vaid 53%-liselt ja ta v\u00f5itis 65% esimeselt servilt m\u00e4ngitud punktidest, vastase samad n\u00e4itajad olid 60% ja 78%. Glinka realiseeris murdepalle 17%-liselt (1\/6), Rodesch 27%-liselt (3\/11). \u00c4ral\u00f6\u00f6gid j\u00e4id vastase kasuks 17:14, lihtvigu tegi Glinka 41 ja Rodesch 31. M\u00e4ngu \u00fcldpunktid j\u00e4id Rodeschi kasuks 82:67.<\/p>\n<p>Vaatamata finaalis saadud kaotusele t\u00f5useb Glinka esmasp\u00e4eval avaldatavas uues maailma edetabelis karj\u00e4\u00e4ri parimale 167. kohale (senine k\u00f5rgeim koht 191.). Kui Glinka oleks suutnud finaali v\u00f5ita, t\u00f5usnuks ta 155-ndaks ehk Eesti esireketiks. <a rel=\"noopener nofollow\" target=\"_blank\" href=\"https:\/\/www.delfi.ee\/teema\/90823251\/mark-lajal\" tag-id=\"90823251\">Mark Lajal<\/a> on jooksvas edetabelis 158.<\/p>\n<p>Algselt pidanuks Glinka m\u00e4ngima j\u00e4rgmisel n\u00e4dalal Itaalias Cesenaticos toimuval ATP Challenger 50 turniiril, kus tal on esimene asetus. Kuna viimase kahe n\u00e4dala peale on Eesti tennisist pidanud \u00fcheksa v\u00f5istlusm\u00e4ngu, j\u00e4tab ta suure t\u00f5en\u00e4osusega selle turniiri vahele.<\/p>\n<p>ATP Challenger tasemel oli Oeirase turniiri finaal Glinka karj\u00e4\u00e4ris kolmas. Seni ainsa tiitli v\u00f5itis ta mullu novembris, j\u00e4\u00e4des v\u00f5itmatuks Kanadas Drummondville\u00b4i ATP Challenger 75 turniiril.<\/p>\n<p>Kuidas see lugu Sind end tundma pani? Saada <a href=\"https:\/\/sport.delfi.ee\/artikkel\/120433200\/maailma-edetabelis-uude-korgusse-tousev-glinka-kaotas-voitlusliku-finaali\/kommentaarid\" class=\"article-body-bottom__comment article-body-bottom__comment--write button button--primary button--size-auto\" rel=\"nofollow noopener\" target=\"_blank\"> Kommenteeri <\/a><a href=\"https:\/\/sport.delfi.ee\/artikkel\/120433200\/maailma-edetabelis-uude-korgusse-tousev-glinka-kaotas-voitlusliku-finaali\/kommentaarid\" class=\"article-body-bottom__comment article-body-bottom__comment--read button button--size-auto\" rel=\"nofollow noopener\" target=\"_blank\"> Loe kommentaare <\/a><\/p>\n","protected":false},"excerpt":{"rendered":"Glinka l\u00e4ks finaalis vastamisi Luksemburgi tennisisti Chris Roderschiga (ATP 209.) ning kaotas tund ja 48 minutit kestnud kohtumise&hellip;\n","protected":false},"author":2,"featured_media":98402,"comment_status":"","ping_status":"","sticky":false,"template":"","format":"standard","meta":{"footnotes":"","_share_on_mastodon":"0"},"categories":[5],"tags":[2429,26,27,556,37,33,35,34,36,31,32,21,28,29,557,19,25,2827,23,24,22,20,30],"class_list":["post-98401","post","type-post","status-publish","format-standard","has-post-thumbnail","category-uldised-uudised","tag-atp","tag-breaking-news","tag-breakingnews","tag-daniil-glinka","tag-ee","tag-eesti","tag-eesti-keel","tag-estonia","tag-estonian","tag-featured-news","tag-featurednews","tag-headlines","tag-latest-news","tag-latestnews","tag-mark-lajal","tag-news","tag-populaarseimad-lood","tag-tennis","tag-top-stories","tag-topstories","tag-uldised-uudised","tag-uudised","tag-viimased-uudised"],"share_on_mastodon":{"url":"https:\/\/pubeurope.com\/@ee\/115995959839961660","error":""},"_links":{"self":[{"href":"https:\/\/www.europesays.com\/ee\/wp-json\/wp\/v2\/posts\/98401","targetHints":{"allow":["GET"]}}],"collection":[{"href":"https:\/\/www.europesays.com\/ee\/wp-json\/wp\/v2\/posts"}],"about":[{"href":"https:\/\/www.europesays.com\/ee\/wp-json\/wp\/v2\/types\/post"}],"author":[{"embeddable":true,"href":"https:\/\/www.europesays.com\/ee\/wp-json\/wp\/v2\/users\/2"}],"replies":[{"embeddable":true,"href":"https:\/\/www.europesays.com\/ee\/wp-json\/wp\/v2\/comments?post=98401"}],"version-history":[{"count":0,"href":"https:\/\/www.europesays.com\/ee\/wp-json\/wp\/v2\/posts\/98401\/revisions"}],"wp:featuredmedia":[{"embeddable":true,"href":"https:\/\/www.europesays.com\/ee\/wp-json\/wp\/v2\/media\/98402"}],"wp:attachment":[{"href":"https:\/\/www.europesays.com\/ee\/wp-json\/wp\/v2\/media?parent=98401"}],"wp:term":[{"taxonomy":"category","embeddable":true,"href":"https:\/\/www.europesays.com\/ee\/wp-json\/wp\/v2\/categories?post=98401"},{"taxonomy":"post_tag","embeddable":true,"href":"https:\/\/www.europesays.com\/ee\/wp-json\/wp\/v2\/tags?post=98401"}],"curies":[{"name":"wp","href":"https:\/\/api.w.org\/{rel}","templated":true}]}}