{"id":98467,"date":"2026-02-01T17:04:07","date_gmt":"2026-02-01T17:04:07","guid":{"rendered":"https:\/\/www.europesays.com\/ee\/98467\/"},"modified":"2026-02-01T17:04:07","modified_gmt":"2026-02-01T17:04:07","slug":"haigeks-jaanud-kalle-rovanpera-pani-uus-meremaalt-plehku","status":"publish","type":"post","link":"https:\/\/www.europesays.com\/ee\/98467\/","title":{"rendered":"Haigeks j\u00e4\u00e4nud Kalle Rovanper\u00e4 pani Uus-Meremaalt plehku"},"content":{"rendered":"<p>Okeaania regionaalsarjas Hitechi tiimi esindanud Rovanper\u00e4 teatas neljap\u00e4eval sotsiaalmeedia vahendusel, et j\u00e4i haigeks. Ootamatu haigestumise t\u00f5ttu pidi Rovanper\u00e4 vahele j\u00e4tma reedese v\u00f5istluse, kuid soomlane lootis n\u00e4dalavahetusel tagasi rajal olla.<\/p>\n<p>\u201eJ\u00e4in eile \u00f5htul kahjuks haigeks, mist\u00f5ttu pean t\u00e4na puhkama. Pean esimese v\u00f5istluse vahele j\u00e4tma, kuid loodetavasti olen n\u00e4dalavahetusel tagasi,\u201c kirjutas Rovanper\u00e4 oma Instagrami kontol.<\/p>\n<p>Paraku polnud Rovanper\u00e4 stardis ka laup\u00e4eval ja p\u00fchap\u00e4eval. Ilmselt j\u00e4ttis Rovanper\u00e4 starti tulemata tervislikel p\u00f5hjustel, kuid 100 protsenti selles kindel ei saa olla, kuna sotsiaalmeedias pole soomlane s\u00f5na v\u00f5tnud. Samuti pole Rovanper\u00e4 puudumist selgitanud tema koduv\u00f5istkond Hitech.<\/p>\n<p>Soome ralliportaali Ralli.fi andmetel on Rovanper\u00e4 ilma suure k\u00e4rata Uus-Meremaalt lahkunud ning teel Euroopasse. <\/p>\n<p>Viimase etapi Highlands Motorsport Park ringrajal t\u00e4ielikult vahele j\u00e4tnud Rovanper\u00e4 l\u00f5petas Okeaania regionaalsarja kokkuv\u00f5ttes 16. kohal. Nelja etapi peale saavutas soomlane \u00fche poodiumikoha, olles Teretonga ringrajal s\u00f5idetud kvalifikatsioonis kolmas.<\/p>\n<p>N\u00fc\u00fcd keskendub Rovanper\u00e4 Jaapani Super Formula sarjale, mille hooaeg algab 4. aprillil.<\/p>\n<p>Kuidas see lugu Sind end tundma pani? Saada <a href=\"https:\/\/sport.delfi.ee\/artikkel\/120433219\/haigeks-jaanud-kalle-rovanpera-pani-uus-meremaalt-plehku\/kommentaarid\" class=\"article-body-bottom__comment article-body-bottom__comment--write button button--primary button--size-auto\" rel=\"nofollow noopener\" target=\"_blank\"> Kommenteeri <\/a><a href=\"https:\/\/sport.delfi.ee\/artikkel\/120433219\/haigeks-jaanud-kalle-rovanpera-pani-uus-meremaalt-plehku\/kommentaarid\" class=\"article-body-bottom__comment article-body-bottom__comment--read button button--size-auto\" rel=\"nofollow noopener\" target=\"_blank\"> Loe kommentaare (7)<\/a><\/p>\n","protected":false},"excerpt":{"rendered":"Okeaania regionaalsarjas Hitechi tiimi esindanud Rovanper\u00e4 teatas neljap\u00e4eval sotsiaalmeedia vahendusel, et j\u00e4i haigeks. Ootamatu haigestumise t\u00f5ttu pidi Rovanper\u00e4&hellip;\n","protected":false},"author":2,"featured_media":98468,"comment_status":"","ping_status":"","sticky":false,"template":"","format":"standard","meta":{"footnotes":"","_share_on_mastodon":"0"},"categories":[18],"tags":[37,33,35,34,36,10113,3729,25930,113,159,158,10411],"class_list":["post-98467","post","type-post","status-publish","format-standard","has-post-thumbnail","category-sport","tag-ee","tag-eesti","tag-eesti-keel","tag-estonia","tag-estonian","tag-f2","tag-kalle-rovanpera","tag-okeaania","tag-soome","tag-sport","tag-sports","tag-vormel"],"share_on_mastodon":{"url":"https:\/\/pubeurope.com\/@ee\/115996463115813189","error":""},"_links":{"self":[{"href":"https:\/\/www.europesays.com\/ee\/wp-json\/wp\/v2\/posts\/98467","targetHints":{"allow":["GET"]}}],"collection":[{"href":"https:\/\/www.europesays.com\/ee\/wp-json\/wp\/v2\/posts"}],"about":[{"href":"https:\/\/www.europesays.com\/ee\/wp-json\/wp\/v2\/types\/post"}],"author":[{"embeddable":true,"href":"https:\/\/www.europesays.com\/ee\/wp-json\/wp\/v2\/users\/2"}],"replies":[{"embeddable":true,"href":"https:\/\/www.europesays.com\/ee\/wp-json\/wp\/v2\/comments?post=98467"}],"version-history":[{"count":0,"href":"https:\/\/www.europesays.com\/ee\/wp-json\/wp\/v2\/posts\/98467\/revisions"}],"wp:featuredmedia":[{"embeddable":true,"href":"https:\/\/www.europesays.com\/ee\/wp-json\/wp\/v2\/media\/98468"}],"wp:attachment":[{"href":"https:\/\/www.europesays.com\/ee\/wp-json\/wp\/v2\/media?parent=98467"}],"wp:term":[{"taxonomy":"category","embeddable":true,"href":"https:\/\/www.europesays.com\/ee\/wp-json\/wp\/v2\/categories?post=98467"},{"taxonomy":"post_tag","embeddable":true,"href":"https:\/\/www.europesays.com\/ee\/wp-json\/wp\/v2\/tags?post=98467"}],"curies":[{"name":"wp","href":"https:\/\/api.w.org\/{rel}","templated":true}]}}