{"id":98485,"date":"2026-02-01T17:52:07","date_gmt":"2026-02-01T17:52:07","guid":{"rendered":"https:\/\/www.europesays.com\/ee\/98485\/"},"modified":"2026-02-01T17:52:07","modified_gmt":"2026-02-01T17:52:07","slug":"graafik-elektrihind-kerkis-jaanuaris-viimase-kolme-aasta-korgeimale-tasemele-mis-seda-pohjustas","status":"publish","type":"post","link":"https:\/\/www.europesays.com\/ee\/98485\/","title":{"rendered":"GRAAFIK | Elektrihind kerkis jaanuaris viimase kolme aasta k\u00f5rgeimale tasemele. Mis seda p\u00f5hjustas?"},"content":{"rendered":"<p><img decoding=\"async\" src=\"https:\/\/www.europesays.com\/ee\/wp-content\/uploads\/2026\/02\/311a2e46-3b39-4b04-b905-3edea46c97ec.jpg\" loading=\"lazy\" alt=\"K\u00fclm ilm ajas \u00fcles nii elektrihinnad kui ka tarbimise.\"\/><\/p>\n<p>K\u00fclm ilm ajas \u00fcles nii elektrihinnad kui ka tarbimise.<\/p>\n<p>FOTO: George Walker IV| Copyright 2026 The Associated Press. All rights reserved<\/p>\n<p><a rel=\"noopener nofollow\" target=\"_blank\" href=\"https:\/\/www.delfi.ee\/teema\/96866183\/jaanuar-1\" tag-id=\"96866183\">Jaanuari<\/a> elektriarved panevad t\u00f5en\u00e4oliselt paljud tarbijad \u00fcllatunult silmi pilgutama. Kui detsembris oli keskmine b\u00f6rsihind veel 73,58 eurot megavatt-tunni kohta, siis jaanuaris h\u00fcppas see 154,43 euroni, mis on k\u00f5rgeim tase alates 2022. aasta detsembrist. Mis toimus?<\/p>\n","protected":false},"excerpt":{"rendered":"K\u00fclm ilm ajas \u00fcles nii elektrihinnad kui ka tarbimise. FOTO: George Walker IV| Copyright 2026 The Associated Press.&hellip;\n","protected":false},"author":2,"featured_media":98486,"comment_status":"","ping_status":"","sticky":false,"template":"","format":"standard","meta":{"footnotes":"","_share_on_mastodon":"0"},"categories":[5],"tags":[17215,26,27,37,33,35,7429,34,36,31,32,21,21472,28,29,19,25,23,24,22,20,30],"class_list":["post-98485","post","type-post","status-publish","format-standard","has-post-thumbnail","category-uldised-uudised","tag-auvere","tag-breaking-news","tag-breakingnews","tag-ee","tag-eesti","tag-eesti-keel","tag-elektrihind","tag-estonia","tag-estonian","tag-featured-news","tag-featurednews","tag-headlines","tag-jaanuar","tag-latest-news","tag-latestnews","tag-news","tag-populaarseimad-lood","tag-top-stories","tag-topstories","tag-uldised-uudised","tag-uudised","tag-viimased-uudised"],"share_on_mastodon":{"url":"https:\/\/pubeurope.com\/@ee\/115996651900594483","error":""},"_links":{"self":[{"href":"https:\/\/www.europesays.com\/ee\/wp-json\/wp\/v2\/posts\/98485","targetHints":{"allow":["GET"]}}],"collection":[{"href":"https:\/\/www.europesays.com\/ee\/wp-json\/wp\/v2\/posts"}],"about":[{"href":"https:\/\/www.europesays.com\/ee\/wp-json\/wp\/v2\/types\/post"}],"author":[{"embeddable":true,"href":"https:\/\/www.europesays.com\/ee\/wp-json\/wp\/v2\/users\/2"}],"replies":[{"embeddable":true,"href":"https:\/\/www.europesays.com\/ee\/wp-json\/wp\/v2\/comments?post=98485"}],"version-history":[{"count":0,"href":"https:\/\/www.europesays.com\/ee\/wp-json\/wp\/v2\/posts\/98485\/revisions"}],"wp:featuredmedia":[{"embeddable":true,"href":"https:\/\/www.europesays.com\/ee\/wp-json\/wp\/v2\/media\/98486"}],"wp:attachment":[{"href":"https:\/\/www.europesays.com\/ee\/wp-json\/wp\/v2\/media?parent=98485"}],"wp:term":[{"taxonomy":"category","embeddable":true,"href":"https:\/\/www.europesays.com\/ee\/wp-json\/wp\/v2\/categories?post=98485"},{"taxonomy":"post_tag","embeddable":true,"href":"https:\/\/www.europesays.com\/ee\/wp-json\/wp\/v2\/tags?post=98485"}],"curies":[{"name":"wp","href":"https:\/\/api.w.org\/{rel}","templated":true}]}}