{"id":98488,"date":"2026-02-01T17:59:06","date_gmt":"2026-02-01T17:59:06","guid":{"rendered":"https:\/\/www.europesays.com\/ee\/98488\/"},"modified":"2026-02-01T17:59:06","modified_gmt":"2026-02-01T17:59:06","slug":"domen-prevc-domineeris-mk-sarjas-ka-olumpia-eelohtul-suusahupped","status":"publish","type":"post","link":"https:\/\/www.europesays.com\/ee\/98488\/","title":{"rendered":"Domen Prevc domineeris MK-sarjas ka ol\u00fcmpia eel\u00f5htul | Suusah\u00fcpped"},"content":{"rendered":"<p>Suusah\u00fcpete meeste t\u00e4navuse hooaja valitseja Domen Prevc v\u00f5itis p\u00fchap\u00e4eval maailmakarikaetapi Willingenis, h\u00fcpates 147 ja 152 meetrit ning kogudes 293,0 punkti.<\/p>\n<p>See t\u00e4hendab, et Nelja h\u00fcppem\u00e4e turnee \u00fcldv\u00f5itja teenis Willingenis esikoha m\u00f5lemal p\u00e4eval. Kuna ta oli edukas ka paari n\u00e4dala eest Sapporos, siis l\u00e4heb sloveen ol\u00fcmpiale vastu olukorras, kus ta on v\u00f5itnud neli MK-etappi j\u00e4rjest.<\/p>\n<blockquote class=\"twitter-tweet\" data-media-max-width=\"560\">\n<p lang=\"en\" dir=\"ltr\">TOTALLY CRAZY! Domen Prevc is out of this World <a href=\"https:\/\/twitter.com\/hashtag\/fisskijumping?src=hash&amp;ref_src=twsrc%5Etfw\" rel=\"nofollow noopener\" target=\"_blank\">#fisskijumping<\/a> <a href=\"https:\/\/twitter.com\/hashtag\/worldcupwillingen?src=hash&amp;ref_src=twsrc%5Etfw\" rel=\"nofollow noopener\" target=\"_blank\">#worldcupwillingen<\/a> <a href=\"https:\/\/t.co\/puXcJhqP4s\" rel=\"nofollow\">pic.twitter.com\/puXcJhqP4s<\/a><\/p>\n<p>\u2014 Viessmann FIS Ski Jumping World Cup (@FISskijumping) <a href=\"https:\/\/twitter.com\/FISskijumping\/status\/2018009777763147941?ref_src=twsrc%5Etfw\" rel=\"nofollow noopener\" target=\"_blank\">February 1, 2026<\/a><\/p><\/blockquote>\n<p>Prevc oli ka p\u00fchap\u00e4eval suver\u00e4\u00e4nne valitseja, sest teiseks tulnud jaapanlane Ren Nikaido kogus 261,3 punkti ehk enam kui 30 silma v\u00e4hem. Kolmandaks tuli sakslane Philipp Raimund (253,1 punkti).<\/p>\n<p>Kaheksa hulka h\u00fcppasid ka Marius Lindvik (Norra; 252,7 punkti), Niko Kyt\u00f6saho (Soome; 249,5), Kristoffer Eriksen Sundal (Norra; 248,9), An\u017ee Lani\u0161ek (Sloveenia; 245,4) ja Andreas Wellinger (Saksamaa; 241,3).<\/p>\n<p>Enne ol\u00fcmpiam\u00e4nge on Prevcil liidrina 1614 punkti ja teist kohta hoidev jaapanlane Ryoyu Kobayashi j\u00e4\u00e4b tervelt 625 punkti kaugusele. Kolmas on teine jaapanlane Nikaido (921).<\/p>\n<p>Naistest v\u00f5itis Willingenis m\u00f5lemal p\u00e4eval norralanna Eirin Maria Kvandal, aga MK-sarja \u00fcldliidrina j\u00e4tkab ka nende seas Prevc ehk Domeni \u00f5de Nika.<\/p>\n<p><script async src=\"https:\/\/platform.twitter.com\/widgets.js\" charset=\"utf-8\"><\/script><\/p>\n","protected":false},"excerpt":{"rendered":"Suusah\u00fcpete meeste t\u00e4navuse hooaja valitseja Domen Prevc v\u00f5itis p\u00fchap\u00e4eval maailmakarikaetapi Willingenis, h\u00fcpates 147 ja 152 meetrit ning kogudes&hellip;\n","protected":false},"author":2,"featured_media":98489,"comment_status":"","ping_status":"","sticky":false,"template":"","format":"standard","meta":{"footnotes":"","_share_on_mastodon":"0"},"categories":[18],"tags":[1703,37,33,35,34,36,159,158,23989],"class_list":["post-98488","post","type-post","status-publish","format-standard","has-post-thumbnail","category-sport","tag-domen-prevc","tag-ee","tag-eesti","tag-eesti-keel","tag-estonia","tag-estonian","tag-sport","tag-sports","tag-suusahupete-mk"],"share_on_mastodon":{"url":"https:\/\/pubeurope.com\/@ee\/115996679354845331","error":""},"_links":{"self":[{"href":"https:\/\/www.europesays.com\/ee\/wp-json\/wp\/v2\/posts\/98488","targetHints":{"allow":["GET"]}}],"collection":[{"href":"https:\/\/www.europesays.com\/ee\/wp-json\/wp\/v2\/posts"}],"about":[{"href":"https:\/\/www.europesays.com\/ee\/wp-json\/wp\/v2\/types\/post"}],"author":[{"embeddable":true,"href":"https:\/\/www.europesays.com\/ee\/wp-json\/wp\/v2\/users\/2"}],"replies":[{"embeddable":true,"href":"https:\/\/www.europesays.com\/ee\/wp-json\/wp\/v2\/comments?post=98488"}],"version-history":[{"count":0,"href":"https:\/\/www.europesays.com\/ee\/wp-json\/wp\/v2\/posts\/98488\/revisions"}],"wp:featuredmedia":[{"embeddable":true,"href":"https:\/\/www.europesays.com\/ee\/wp-json\/wp\/v2\/media\/98489"}],"wp:attachment":[{"href":"https:\/\/www.europesays.com\/ee\/wp-json\/wp\/v2\/media?parent=98488"}],"wp:term":[{"taxonomy":"category","embeddable":true,"href":"https:\/\/www.europesays.com\/ee\/wp-json\/wp\/v2\/categories?post=98488"},{"taxonomy":"post_tag","embeddable":true,"href":"https:\/\/www.europesays.com\/ee\/wp-json\/wp\/v2\/tags?post=98488"}],"curies":[{"name":"wp","href":"https:\/\/api.w.org\/{rel}","templated":true}]}}