{"id":98585,"date":"2026-02-01T22:01:08","date_gmt":"2026-02-01T22:01:08","guid":{"rendered":"https:\/\/www.europesays.com\/ee\/98585\/"},"modified":"2026-02-01T22:01:08","modified_gmt":"2026-02-01T22:01:08","slug":"vanameistri-juhitud-juventuse-renessanss-jatkus-parmas-soccernet-ee","status":"publish","type":"post","link":"https:\/\/www.europesays.com\/ee\/98585\/","title":{"rendered":"Vanameistri juhitud Juventuse renessanss j\u00e4tkus Parmas &#8211; Soccernet.ee"},"content":{"rendered":"<p><img decoding=\"async\" src=\"https:\/\/www.europesays.com\/ee\/wp-content\/uploads\/2026\/02\/1769081094.jpg\" alt=\"Luciano Spalletti. Foto: Scanpix \/ AFP \/ Isabella Bonotto\"\/>&#13;\n<\/p>\n<p>Torino Juventuse hooaeg liigub vanameister Luciano Spalletti k\u00e4e all t\u00f5usvas joones ning 4:1 v\u00f5it Parmas oli selle j\u00e4rjekordseks kinnituseks.<\/p>\n<p>Juventus alustas hooaega Igor Tudori juhendamisel, kuid kolmele v\u00f5idule j\u00e4rgnesid viis j\u00e4rjestikust viiki ja seej\u00e4rel kolm kaotust, enne kui horvaadile ust n\u00e4idati. Peatreeneri kohuset\u00e4itjaga p\u00f6\u00f6rduti tagasi v\u00f5idurajale ning novembriks oli juba pukis eelmine Itaalia koondise loots Spalletti, kes on Vanale Daamile uue elu sisse puhunud.&#13;\n<\/p>\n<p>Spallettist sai l\u00e4bi aegade vanim Juventuse juhendaja (varasem rekord kuulus Maurizio Sarrile, kes tuli 64-aastaselt klubiga Itaalia meistriks). 66-aastane Spalletti s\u00f5lmis klubiga esialgu l\u00fchiajalise lepingu, mis kestab hooaja l\u00f5puni, kuid senin\u00e4htu p\u00f5hjal ei ole mingit p\u00f5hjust seda pikendamata j\u00e4tta, sest 20 m\u00e4ngust on ta k\u00f5igi sarjade peale v\u00f5itnud 14, viigistanud viis ja kaotanud vaid kaks.&#13;\n<\/p>\n<p>Nagu Spalletti k\u00e4e all tavaks saanud, alustati ka Parmas tugevalt ja suruti vastane s\u00fcgavale kaitsesse.\u00a0Francisco Conceicao raiskas esimese kuue minutiga kaks head v\u00f5imalust, suutmata enamat latitabamusest, kuid 15. minutil kerkis Bremer tema nurgal\u00f6\u00f6gi ajal k\u00f5ige k\u00f5rgemale ja koksas palli peaga v\u00f5rku. Enne poolaja l\u00f5ppu l\u00f5i Weston McKennie Pierre Kalulu s\u00f6\u00f6dust teise.<\/p>\n<blockquote class=\"twitter-tweet\"><p>&#13;<\/p>\n<p lang=\"en\" dir=\"ltr\">15 &#8211; Since his first season with goal in Serie A (since 2019\/20), <a href=\"https:\/\/twitter.com\/hashtag\/Bremer?src=hash&amp;ref_src=twsrc%5Etfw\" rel=\"nofollow noopener\" target=\"_blank\">#Bremer<\/a> is the defender with the most goals by header (15) in the Big-5 European leagues, overtaking Virgil van Dijk and Gabriel Magalh\u00e3es (both 14). Elevator.<a href=\"https:\/\/twitter.com\/hashtag\/ParmaJuve?src=hash&amp;ref_src=twsrc%5Etfw\" rel=\"nofollow noopener\" target=\"_blank\">#ParmaJuve<\/a> <a href=\"https:\/\/twitter.com\/hashtag\/SerieA?src=hash&amp;ref_src=twsrc%5Etfw\" rel=\"nofollow noopener\" target=\"_blank\">#SerieA<\/a> <a href=\"https:\/\/t.co\/EkvtcEavIj\" rel=\"nofollow\">pic.twitter.com\/EkvtcEavIj<\/a>&#13;<br \/>\n\u2014 OptaPaolo (@OptaPaolo) <a href=\"https:\/\/twitter.com\/OptaPaolo\/status\/2018057474465526000?ref_src=twsrc%5Etfw\" rel=\"nofollow noopener\" target=\"_blank\">February 1, 2026<\/a><\/p>\n<\/blockquote>\n<p>Parma sai 51. minutil\u00a0 \u00fche v\u00e4rava tagasi, kui Andrea Cambiaso suunas tsenderduse \u00f5nnetult enda v\u00f5rku. Ainult kolm minutit hiljem taastas aga Bremer kahev\u00e4ravalise vahe, kindlustades v\u00e4ravaesises segaduses palli joone\u00fcletuse.<\/p>\n<p>\u00dcha paremasse v\u00e4ravahoogu j\u00f5udev Jonathan David l\u00f5i 64. minutil juba neljanda, k\u00f5ksates palli t\u00fchja v\u00f5rku p\u00e4rast seda, kui v\u00e4ravavaht Conceicao l\u00f6\u00f6gi tema nina ette t\u00f5rjus. \u00dcleminutitel pani v\u00f5rgu sahisema ka teine suvine nimekas t\u00e4iendus Lois Openda, kuid VAR-\u00fclevaade tuvastas suluseisu.&#13;\n<\/p>\n<p>Liigatabelis kerkis Juventus hetkel neljandale kohale, kuid esineliku piirimail on konkurents tihe ning AS Romal on v\u00f5imalus see koht tagasi v\u00f5tta, kui nad esmasp\u00e4eval Udineset k\u00fclastavad.&#13;\n<\/p>\n<p>          <script async src=\"https:\/\/platform.twitter.com\/widgets.js\" charset=\"utf-8\"><\/script><\/p>\n","protected":false},"excerpt":{"rendered":"&#13; Torino Juventuse hooaeg liigub vanameister Luciano Spalletti k\u00e4e all t\u00f5usvas joones ning 4:1 v\u00f5it Parmas oli selle&hellip;\n","protected":false},"author":2,"featured_media":98586,"comment_status":"","ping_status":"","sticky":false,"template":"","format":"standard","meta":{"footnotes":"","_share_on_mastodon":"0"},"categories":[18],"tags":[37,33,35,34,36,109,1149,16560,1821,1082,41662,159,158,1150],"class_list":["post-98585","post","type-post","status-publish","format-standard","has-post-thumbnail","category-sport","tag-ee","tag-eesti","tag-eesti-keel","tag-estonia","tag-estonian","tag-itaalia","tag-juventus","tag-luciano-spalletti","tag-parma","tag-serie-a","tag-spalletti","tag-sport","tag-sports","tag-torino-juventus"],"share_on_mastodon":{"url":"https:\/\/pubeurope.com\/@ee\/115997630970060200","error":""},"_links":{"self":[{"href":"https:\/\/www.europesays.com\/ee\/wp-json\/wp\/v2\/posts\/98585","targetHints":{"allow":["GET"]}}],"collection":[{"href":"https:\/\/www.europesays.com\/ee\/wp-json\/wp\/v2\/posts"}],"about":[{"href":"https:\/\/www.europesays.com\/ee\/wp-json\/wp\/v2\/types\/post"}],"author":[{"embeddable":true,"href":"https:\/\/www.europesays.com\/ee\/wp-json\/wp\/v2\/users\/2"}],"replies":[{"embeddable":true,"href":"https:\/\/www.europesays.com\/ee\/wp-json\/wp\/v2\/comments?post=98585"}],"version-history":[{"count":0,"href":"https:\/\/www.europesays.com\/ee\/wp-json\/wp\/v2\/posts\/98585\/revisions"}],"wp:featuredmedia":[{"embeddable":true,"href":"https:\/\/www.europesays.com\/ee\/wp-json\/wp\/v2\/media\/98586"}],"wp:attachment":[{"href":"https:\/\/www.europesays.com\/ee\/wp-json\/wp\/v2\/media?parent=98585"}],"wp:term":[{"taxonomy":"category","embeddable":true,"href":"https:\/\/www.europesays.com\/ee\/wp-json\/wp\/v2\/categories?post=98585"},{"taxonomy":"post_tag","embeddable":true,"href":"https:\/\/www.europesays.com\/ee\/wp-json\/wp\/v2\/tags?post=98585"}],"curies":[{"name":"wp","href":"https:\/\/api.w.org\/{rel}","templated":true}]}}