{"id":98754,"date":"2026-02-02T07:05:10","date_gmt":"2026-02-02T07:05:10","guid":{"rendered":"https:\/\/www.europesays.com\/ee\/98754\/"},"modified":"2026-02-02T07:05:10","modified_gmt":"2026-02-02T07:05:10","slug":"kristjan-ilves-end-olumpial-medalilootuseks-ei-pea-sihid-on-seal-kuid-tuleb-olla-realist","status":"publish","type":"post","link":"https:\/\/www.europesays.com\/ee\/98754\/","title":{"rendered":"Kristjan Ilves end ol\u00fcmpial medalilootuseks ei pea: sihid on seal, kuid tuleb olla realist"},"content":{"rendered":"<p>29-aastane Kristjan Ilves pole sel hooajal MK-sarjas veel poodiumile murdnud, kuigi kohti esik\u00fcmnes on kogunenud n\u00fc\u00fcdseks kaheksa (parimal juhul <a rel=\"noopener nofollow\" target=\"_blank\" href=\"https:\/\/www.delfi.ee\/teema\/56940730\/ruka\" tag-id=\"56940730\">Ruka<\/a> MK-etapil neljas). L\u00f5ppenud n\u00e4dalavahetusel Seefeldis oli Ilves mass-stardiga v\u00f5istlusel \u00fcheksas, kompaktv\u00f5istlusel 10. ja Gunderseni meetodil m\u00f5\u00f5duv\u00f5tul 14. <\/p>\n<p>Milano-Cortina taliol\u00fcmpiam\u00e4ngud algavad kahev\u00f5istlejate jaoks 11. veebruaril normaalm\u00e4e v\u00f5istlusega. Kuus p\u00e4eva hiljem v\u00f5isteldakse suurel m\u00e4el. Kuiv\u00f5rd Ilves on karj\u00e4\u00e4ri jooksul murdnud MK-sarjas poodiumile 12 korral, oodatakse tahes tahtmata temalt tiitliv\u00f5istlustel medalit. Ilves annab endale aru, et praeguses olukorras ja t\u00e4navuse hooaja valguses oleks medaliv\u00f5it siiski v\u00e4iksemat sorti ime.<\/p>\n<p>Oled juba tellija?Logi sisse<\/p>\n<p><a href=\"https:\/\/sport.delfi.ee\/artikkel\/120433228\/kristjan-ilves-end-olumpial-medalilootuseks-ei-pea-sihid-on-seal-kuid-tuleb-olla-realist\/kommentaarid\" class=\"article-body-bottom__comment article-body-bottom__comment--write button button--primary button--size-auto\" rel=\"nofollow noopener\" target=\"_blank\"> Kommenteeri <\/a><a href=\"https:\/\/sport.delfi.ee\/artikkel\/120433228\/kristjan-ilves-end-olumpial-medalilootuseks-ei-pea-sihid-on-seal-kuid-tuleb-olla-realist\/kommentaarid\" class=\"article-body-bottom__comment article-body-bottom__comment--read button button--size-auto\" rel=\"nofollow noopener\" target=\"_blank\"> Loe kommentaare (20)<\/a><\/p>\n","protected":false},"excerpt":{"rendered":"29-aastane Kristjan Ilves pole sel hooajal MK-sarjas veel poodiumile murdnud, kuigi kohti esik\u00fcmnes on kogunenud n\u00fc\u00fcdseks kaheksa (parimal&hellip;\n","protected":false},"author":2,"featured_media":98755,"comment_status":"","ping_status":"","sticky":false,"template":"","format":"standard","meta":{"footnotes":"","_share_on_mastodon":"0"},"categories":[5],"tags":[26,27,37,33,35,34,36,31,32,21,1684,1909,28,29,19,1437,25,17633,26815,23,24,22,20,30],"class_list":["post-98754","post","type-post","status-publish","format-standard","has-post-thumbnail","category-uldised-uudised","tag-breaking-news","tag-breakingnews","tag-ee","tag-eesti","tag-eesti-keel","tag-estonia","tag-estonian","tag-featured-news","tag-featurednews","tag-headlines","tag-ilves","tag-kristjan-ilves","tag-latest-news","tag-latestnews","tag-news","tag-norra","tag-populaarseimad-lood","tag-pyeongchangi-olumpia","tag-ruka","tag-top-stories","tag-topstories","tag-uldised-uudised","tag-uudised","tag-viimased-uudised"],"share_on_mastodon":{"url":"https:\/\/pubeurope.com\/@ee\/115999770081102395","error":""},"_links":{"self":[{"href":"https:\/\/www.europesays.com\/ee\/wp-json\/wp\/v2\/posts\/98754","targetHints":{"allow":["GET"]}}],"collection":[{"href":"https:\/\/www.europesays.com\/ee\/wp-json\/wp\/v2\/posts"}],"about":[{"href":"https:\/\/www.europesays.com\/ee\/wp-json\/wp\/v2\/types\/post"}],"author":[{"embeddable":true,"href":"https:\/\/www.europesays.com\/ee\/wp-json\/wp\/v2\/users\/2"}],"replies":[{"embeddable":true,"href":"https:\/\/www.europesays.com\/ee\/wp-json\/wp\/v2\/comments?post=98754"}],"version-history":[{"count":0,"href":"https:\/\/www.europesays.com\/ee\/wp-json\/wp\/v2\/posts\/98754\/revisions"}],"wp:featuredmedia":[{"embeddable":true,"href":"https:\/\/www.europesays.com\/ee\/wp-json\/wp\/v2\/media\/98755"}],"wp:attachment":[{"href":"https:\/\/www.europesays.com\/ee\/wp-json\/wp\/v2\/media?parent=98754"}],"wp:term":[{"taxonomy":"category","embeddable":true,"href":"https:\/\/www.europesays.com\/ee\/wp-json\/wp\/v2\/categories?post=98754"},{"taxonomy":"post_tag","embeddable":true,"href":"https:\/\/www.europesays.com\/ee\/wp-json\/wp\/v2\/tags?post=98754"}],"curies":[{"name":"wp","href":"https:\/\/api.w.org\/{rel}","templated":true}]}}