{"id":98849,"date":"2026-02-02T09:17:32","date_gmt":"2026-02-02T09:17:32","guid":{"rendered":"https:\/\/www.europesays.com\/ee\/98849\/"},"modified":"2026-02-02T09:17:32","modified_gmt":"2026-02-02T09:17:32","slug":"usa-paevik-trumpi-silmis-oleks-ka-eestlased-prugi-kui-keegi-meist-varastaks-ja-naisi-sandistaks-delfi","status":"publish","type":"post","link":"https:\/\/www.europesays.com\/ee\/98849\/","title":{"rendered":"USA P\u00c4EVIK | Trumpi silmis oleks ka eestlased pr\u00fcgi, kui keegi meist varastaks ja naisi sandistaks &#8211; Delfi"},"content":{"rendered":"<ol>\n<li><a href=\"https:\/\/news.google.com\/rss\/articles\/CBMi1gFBVV95cUxNaW5rVjZpUG8wUnl0MlpUOF8yUl9nY00tUmN4bGRrc2RTNzIxU0VHNWNSOXVEY3BIRXcwUGJUVkFENjFic0FyTjVpS0MtdXc4RFVVSUpCZDA2Zk8xek1wcHBJbmg3Qmp1YmpUaW11TEVtOVpCYTREUVVMVXdtNE4wbHNJS2l6U1RxeFlZWS0xQldLZDNVZ3E5QUx1bnFzVURIRWpiVlpBVnpIdkhyZUk1cWFfczBWRExpaG9MQkhzWVZjVGFWUnNEekt5aHoxcnVPWEN0MlVB?oc=5\" target=\"_blank\" rel=\"nofollow noopener\">USA P\u00c4EVIK | Trumpi silmis oleks ka eestlased pr\u00fcgi, kui keegi meist varastaks ja naisi sandistaks<\/a>&nbsp;&nbsp;Delfi<\/li>\n<li><a href=\"https:\/\/news.google.com\/rss\/articles\/CBMiiwFBVV95cUxNOXlpNTVTVEZFR3FVMmR1Z2tFOERESlJWdUJpZGRXcGlSbXlST3Jnb2Q3R0l6MjhfZEhjdV9yNUNMdjZRM0ZUSmF5TVhmOEpJUTV3SHhSN2pnelJFNVgyTDhxR19DeTlSd21PMjBGcUJTc1pzemF0Ty1uZzE3WmxEcWNWT1dzU25uSzZB?oc=5\" target=\"_blank\" rel=\"nofollow noopener\">Trumpi konflikt Minneapolisega n\u00e4itab vaibumise m\u00e4rke<\/a>&nbsp;&nbsp;ERR<\/li>\n<li><a href=\"https:\/\/news.google.com\/rss\/articles\/CBMiuwFBVV95cUxPSE9uU2RVVXYxME9YaWFFSDBlZzVJWDJCSC1WSGhVZGoyNEE4aVI3SVJNeDhsRUxvZmtmbl91RklvMnpuQUtaQWh4a1gtUDl4VV9qX1dPeFRKenB0YU1HQzNEajZTWkVyc1pkS3pQSGdFTzd1OVhEcGoxMVFjM0hXcXZURjNvdkwwMTRMck5JMzNOZkZsbUgtN0VRcDR3MWZZb0lKdVpaT0h4RWxYcDlyMVdXeWx1dHRCdkxB?oc=5\" target=\"_blank\" rel=\"nofollow noopener\">VIDEO \u27e9 ICEi poolt tapetud mehel oli agentidega kokkup\u00f5rge ka 11 p\u00e4eva enne oma surma<\/a>&nbsp;&nbsp;Maailm &#8211; Postimees.ee<\/li>\n<li><a href=\"https:\/\/news.google.com\/rss\/articles\/CBMiugFBVV95cUxQRmdwZFViTXpOeVVfTXprNVBxM2lucWh0Y3VHamZVNEdzUlhpT0R1dmdJVFBBckh1Y0FRYVFjc2JfWC1VNzdmMV9seFFhZ0djZk5SbWo5X1R6SjExOGQ5anR6VUtuRzhxZzBZN3RJd3RHR2o4dVVKNmY2RU9DR1BPTzgxSzExaFpVWFB4SWdORHBHVjR1V0dXTm9MQTJPN3QwYzBEVnptalZLOUdFTHFQeU94NEFWSnFENUE?oc=5\" target=\"_blank\" rel=\"nofollow noopener\">Bill Clinton ja Obamad: Minneapolise s\u00fcndmused on \u00e4ratuskell ja p\u00f6\u00f6rdeline hetk<\/a>&nbsp;&nbsp;Delfi<\/li>\n<li><a href=\"https:\/\/news.google.com\/rss\/articles\/CBMilgFBVV95cUxONWI3SE8zZWZjLTZFYVhib0sxUGR6ei1FVlZ2Y3UwMXM4U3dVb0c0M05mazJGOC1MV1RTeEZuTDZaZE5GUmJseTk5YmV2TV9pN0JZbHJ3aDhTeTJfMU5qMS1RV04yX21TbWoweTBCekc2SDdvM2lQYlFqM1lrY2wyY2hUZGVWNDhmVVpVRTUtbEtXYkRiVVE?oc=5\" target=\"_blank\" rel=\"nofollow noopener\">USA ministeerium: Minneapolises tapetud medvend kandis relva!<\/a>&nbsp;&nbsp;\u00d5htuleht<\/li>\n<\/ol>\n","protected":false},"excerpt":{"rendered":"USA P\u00c4EVIK | Trumpi silmis oleks ka eestlased pr\u00fcgi, kui keegi meist varastaks ja naisi sandistaks&nbsp;&nbsp;Delfi Trumpi konflikt&hellip;\n","protected":false},"author":2,"featured_media":98850,"comment_status":"","ping_status":"","sticky":false,"template":"","format":"standard","meta":{"footnotes":"","_share_on_mastodon":"0"},"categories":[5],"tags":[26,27,37,33,35,34,36,31,32,21,3461,47703,28,29,9302,28885,19,25,23,24,22,17332,20,30],"class_list":["post-98849","post","type-post","status-publish","format-standard","has-post-thumbnail","category-uldised-uudised","tag-breaking-news","tag-breakingnews","tag-ee","tag-eesti","tag-eesti-keel","tag-estonia","tag-estonian","tag-featured-news","tag-featurednews","tag-headlines","tag-ice","tag-kolumnist","tag-latest-news","tag-latestnews","tag-minneapolis","tag-minnesota","tag-news","tag-populaarseimad-lood","tag-top-stories","tag-topstories","tag-uldised-uudised","tag-usa-paevik","tag-uudised","tag-viimased-uudised"],"share_on_mastodon":{"url":"https:\/\/pubeurope.com\/@ee\/116000289119576093","error":""},"_links":{"self":[{"href":"https:\/\/www.europesays.com\/ee\/wp-json\/wp\/v2\/posts\/98849","targetHints":{"allow":["GET"]}}],"collection":[{"href":"https:\/\/www.europesays.com\/ee\/wp-json\/wp\/v2\/posts"}],"about":[{"href":"https:\/\/www.europesays.com\/ee\/wp-json\/wp\/v2\/types\/post"}],"author":[{"embeddable":true,"href":"https:\/\/www.europesays.com\/ee\/wp-json\/wp\/v2\/users\/2"}],"replies":[{"embeddable":true,"href":"https:\/\/www.europesays.com\/ee\/wp-json\/wp\/v2\/comments?post=98849"}],"version-history":[{"count":0,"href":"https:\/\/www.europesays.com\/ee\/wp-json\/wp\/v2\/posts\/98849\/revisions"}],"wp:featuredmedia":[{"embeddable":true,"href":"https:\/\/www.europesays.com\/ee\/wp-json\/wp\/v2\/media\/98850"}],"wp:attachment":[{"href":"https:\/\/www.europesays.com\/ee\/wp-json\/wp\/v2\/media?parent=98849"}],"wp:term":[{"taxonomy":"category","embeddable":true,"href":"https:\/\/www.europesays.com\/ee\/wp-json\/wp\/v2\/categories?post=98849"},{"taxonomy":"post_tag","embeddable":true,"href":"https:\/\/www.europesays.com\/ee\/wp-json\/wp\/v2\/tags?post=98849"}],"curies":[{"name":"wp","href":"https:\/\/api.w.org\/{rel}","templated":true}]}}