{"id":98865,"date":"2026-02-02T09:36:06","date_gmt":"2026-02-02T09:36:06","guid":{"rendered":"https:\/\/www.europesays.com\/ee\/98865\/"},"modified":"2026-02-02T09:36:06","modified_gmt":"2026-02-02T09:36:06","slug":"keila-elektrikaupade-tehas-laiendab-tehast-poole-vorra-ja-varbab-uusi-tootajaid","status":"publish","type":"post","link":"https:\/\/www.europesays.com\/ee\/98865\/","title":{"rendered":"Keila elektrikaupade tehas laiendab tehast poole v\u00f5rra ja v\u00e4rbab uusi t\u00f6\u00f6tajaid"},"content":{"rendered":"<p>Investeeringu eesm\u00e4rk on kasvatada Legrand Estonia tehaste k\u00e4ivet j\u00e4rgmise viie aasta jooksul 20 protsenti. Kui praeguse Keila tehase pindala on 8000 ruutmeetrit, siis juurdeehitusena lisandub veel 4000 ruutmeetrit. Tootmismahtude kasvatamiseks luuakse ligi 40 k\u00f5rge lisandv\u00e4\u00e4rtusega inseneri- ja tootmist\u00f6\u00f6kohta.<\/p>\n<p>Harju KEK investeerib Keila T\u00f6\u00f6stuspargis uue tehasehoone rajamisse 5 miljonit eurot. Hoone valmib 2027. aasta suvel.<\/p>\n<p>Legrandi Keila tehases toodetakse elektriradiaatoreid, elektriautode laadijaid ning erilahendustega pistikuid ja l\u00fcliteid t\u00f6\u00f6stustele Ensto ja Legrandi kaubam\u00e4rgi all. Enamik toodangust eksporditakse P\u00f5hjamaadesse ja Itaaliasse.<\/p>\n<p>\u201eOleme <a rel=\"noopener nofollow\" target=\"_blank\" href=\"https:\/\/www.delfi.ee\/teema\/31122441\/eesti\" tag-id=\"31122441\">Eestis<\/a> tootnud juba mitu aastat ning meie kogemused on olnud v\u00e4ga head. Legrandi Keila tehas on t\u00f5hus ja logistiliselt soodsas asukohas, l\u00e4hedal meie peamistele turgudele P\u00f5hjamaades,\u201c \u00fctles Legrandi P\u00f5hjamaade piirkonna peadirektor Jukka Tiitu. Tema s\u00f5nul toetas pikaajalise investeerimisotsuse tegemist kvalifitseeritud ja motiveeritud t\u00f6\u00f6j\u00f5u k\u00e4ttesaadavus ning Keila linna areng. Laiendus m\u00e4ngib olulist rolli Legrandi P\u00f5hjamaade \u00fcksuse pikaajaliste kasvueesm\u00e4rkide saavutamisel.<\/p>\n<p>Legrand Estonia tehasejuhi Villem Pomerantsi s\u00f5nul ei v\u00f5imalda praegused tootmispinnad ettev\u00f5tte kasvuplaane t\u00e4iel m\u00e4\u00e4ral ellu viia. \u201eN\u00e4iteks soovime juba sel aastal alustada Keilas Legrandi pistikute ja l\u00fclitite uue tootesarja tootmist,\u201c selgitas Pomerants.<\/p>\n<p>Harju KEKi tegevjuht Janek Lehtmets r\u00f5hutas, et suure t\u00f6\u00f6stuskontserni Legrandi j\u00e4tkuv huvi piirkonna vastu ja valmisolek kasvatada \u00e4rimahtusid just Keila tootmisettev\u00f5tte kaudu kinnitavad Keila T\u00f6\u00f6stuspargi tugevat arengupotentsiaali. \u201eSee n\u00e4itab, et meie strateegilised \u00e4riotsused Keila linnas, sealhulgas Keila Keskuse rajamine, on olnud \u00f5iged,\u201c \u00fctles Lehtmets.<\/p>\n<p>Legrand omandas 2021. aastal Ensto Building Systemsilt Keila ja Paide tehase, kus t\u00f6\u00f6tab kokku ligi 200 inimest. Ettev\u00f5te investeerib igal aastal Eesti tehaste automatiseerimisse ja arendamisse ligi miljon eurot.<\/p>\n<p>Ettev\u00f5tte 2024. aasta m\u00fc\u00fcgitulu oli ligikaudu 9 miljardit eurot ning mullune enam kui 10-protsendiline kasv viis k\u00e4ibe 10 miljardi euro tasemele. Legrand tegutseb ligi 90 riigis ja omab \u00fcle 70 kaubam\u00e4rgi. Erinevaid tooteid m\u00fc\u00fcakse ligi 180 riigis.<\/p>\n<p> Harju KEK on \u00fcks kogenumaid \u00e4ri- ja t\u00f6\u00f6stuskinnisvara arendaja ning haldaja Eestis. Ettev\u00f5tte omanduses on ligi 100 hektarit \u00e4ri- ja tootmismaad ning kokku \u00fcle 100 000 ruutmeetri v\u00e4lja\u00fc\u00fcritud pinda. Suurimad \u00e4ri- ja t\u00f6\u00f6stuspargid on Keilas asuvad KEKE Kvartal ja Keila T\u00f6\u00f6stuspark, A11 \u00c4ripark Tallinna ringtee \u00e4\u00e4res, Valdm\u00e4e T\u00f6\u00f6stuspark Laagris ja hotelliarendus Harju t\u00e4naval Tallinna vanalinnas.<\/p>\n<p>Kuidas see lugu Sind end tundma pani? Saada <a href=\"https:\/\/arileht.delfi.ee\/artikkel\/120433322\/keilas-asuv-elektritoostus-laiendab-tehast-poole-vorra-ja-varbab-uusi-spetsialiste\/kommentaarid\" class=\"article-body-bottom__comment article-body-bottom__comment--write button button--primary button--size-auto\" rel=\"nofollow noopener\" target=\"_blank\"> Kommenteeri <\/a><a href=\"https:\/\/arileht.delfi.ee\/artikkel\/120433322\/keilas-asuv-elektritoostus-laiendab-tehast-poole-vorra-ja-varbab-uusi-spetsialiste\/kommentaarid\" class=\"article-body-bottom__comment article-body-bottom__comment--read button button--size-auto\" rel=\"nofollow noopener\" target=\"_blank\"> Loe kommentaare <\/a><\/p>\n","protected":false},"excerpt":{"rendered":"Investeeringu eesm\u00e4rk on kasvatada Legrand Estonia tehaste k\u00e4ivet j\u00e4rgmise viie aasta jooksul 20 protsenti. Kui praeguse Keila tehase&hellip;\n","protected":false},"author":2,"featured_media":98866,"comment_status":"","ping_status":"","sticky":false,"template":"","format":"standard","meta":{"footnotes":"","_share_on_mastodon":"0"},"categories":[14],"tags":[131,130,37,33,35,34,36,6296,10771,392],"class_list":["post-98865","post","type-post","status-publish","format-standard","has-post-thumbnail","category-ari","tag-ari","tag-business","tag-ee","tag-eesti","tag-eesti-keel","tag-estonia","tag-estonian","tag-keila","tag-tehas","tag-toostus"],"share_on_mastodon":{"url":"https:\/\/pubeurope.com\/@ee\/116000363812169765","error":""},"_links":{"self":[{"href":"https:\/\/www.europesays.com\/ee\/wp-json\/wp\/v2\/posts\/98865","targetHints":{"allow":["GET"]}}],"collection":[{"href":"https:\/\/www.europesays.com\/ee\/wp-json\/wp\/v2\/posts"}],"about":[{"href":"https:\/\/www.europesays.com\/ee\/wp-json\/wp\/v2\/types\/post"}],"author":[{"embeddable":true,"href":"https:\/\/www.europesays.com\/ee\/wp-json\/wp\/v2\/users\/2"}],"replies":[{"embeddable":true,"href":"https:\/\/www.europesays.com\/ee\/wp-json\/wp\/v2\/comments?post=98865"}],"version-history":[{"count":0,"href":"https:\/\/www.europesays.com\/ee\/wp-json\/wp\/v2\/posts\/98865\/revisions"}],"wp:featuredmedia":[{"embeddable":true,"href":"https:\/\/www.europesays.com\/ee\/wp-json\/wp\/v2\/media\/98866"}],"wp:attachment":[{"href":"https:\/\/www.europesays.com\/ee\/wp-json\/wp\/v2\/media?parent=98865"}],"wp:term":[{"taxonomy":"category","embeddable":true,"href":"https:\/\/www.europesays.com\/ee\/wp-json\/wp\/v2\/categories?post=98865"},{"taxonomy":"post_tag","embeddable":true,"href":"https:\/\/www.europesays.com\/ee\/wp-json\/wp\/v2\/tags?post=98865"}],"curies":[{"name":"wp","href":"https:\/\/api.w.org\/{rel}","templated":true}]}}