{"id":99049,"date":"2026-02-02T12:56:14","date_gmt":"2026-02-02T12:56:14","guid":{"rendered":"https:\/\/www.europesays.com\/ee\/99049\/"},"modified":"2026-02-02T12:56:14","modified_gmt":"2026-02-02T12:56:14","slug":"ak-%e2%9f%a9-ice-on-saanud-trumpi-administratsiooni-loogirusikaks-maailm-postimees-ee","status":"publish","type":"post","link":"https:\/\/www.europesays.com\/ee\/99049\/","title":{"rendered":"AK \u27e9 ICE on saanud Trumpi administratsiooni l\u00f6\u00f6girusikaks &#8211; Maailm &#8211; Postimees.ee"},"content":{"rendered":"<ol>\n<li><a href=\"https:\/\/news.google.com\/rss\/articles\/CBMilgFBVV95cUxQRnc5WXdpRTJGS29uSTNCTFRGRkxNVGRqbHE4SkVwQ3BOX1NVQ2tpcVFHT0hSMWY1LUtsMGg4SFRLOXdXNUdldFN0YXJpUjZFSEZBNWNtX1pIUmE2UDd1cjRkMVZmR19ILXFpN1QxMmpBUmVKd2U2amx2SmJsbVRDUUNLTGJ4NU1IWDlCM2lVSlZUMGgwSUE?oc=5\" target=\"_blank\" rel=\"nofollow noopener\">AK \u27e9 ICE on saanud Trumpi administratsiooni l\u00f6\u00f6girusikaks<\/a>&nbsp;&nbsp;Maailm &#8211; Postimees.ee<\/li>\n<li><a href=\"https:\/\/news.google.com\/rss\/articles\/CBMizgFBVV95cUxQcENGMlhudmd3OVFtX2hoYUgwTlNOc0FIVmlMbkRzRklUMUdDajk1eUotdWhCQnVENE1nODlibHlNdlYzUFFVOXVVS2hMbTFOQzV2b01CTDU5SGdRVi1tZ1hidzBFVVVXUjg5X3dzU0xKcW5Pd2NXblZIa3h2ZnJnNDJ0aXprWDVOQnI0cFBMREZjYUZfRHprUGVicVpNWS1PWGs2VG1qU1hQSkFtVlMwOUxMTTZkZWFCWUp6RW0zNi1TRGcyVTVvODhwaHpIZw?oc=5\" target=\"_blank\" rel=\"nofollow noopener\">Iisrael usub USA r\u00fcnnakut Iraani vastu l\u00e4hip\u00e4evil ja ootab sel juhul Iraani l\u00f6\u00f6ki enda vastu<\/a>&nbsp;&nbsp;Delfi<\/li>\n<li><a href=\"https:\/\/news.google.com\/rss\/articles\/CBMijAFBVV95cUxNTGNkUk5GQkZ0ZUVoLVEtSXF2SGJyZ0hRNFdDQTVGQUFzMjJGZGwyT05yblpmMDBRdVVtRWh1dFJxVFY0cHc0TDh5YlgtbzNQLWpBVjlialR3a1BDXy1hak12ZkRuVC16VVFyc29aYXNkRDZnU0hWTTN1WUVWSXl2MXBTRFUyRG53TzBudQ?oc=5\" target=\"_blank\" rel=\"nofollow noopener\">USA lennukikandja l\u00e4heneb Iraani rannikule<\/a>&nbsp;&nbsp;\u00c4rip\u00e4ev<\/li>\n<li><a href=\"https:\/\/news.google.com\/rss\/articles\/CBMickFVX3lxTE51RVFrclBwVk5WdkFDWGJNbDNHX0lCNXN2a1cxeDViMG9ZY1dhRUFRVjNoVG05UVVCQnNlbTI5OHozeElGY0QzbGNNNklyWGt3NWh5NTAxT0ppWl9aQ1Y5eHVFMjlrNHlNWFdYamJ0Vk5QZw?oc=5\" target=\"_blank\" rel=\"nofollow noopener\">Iraan edastas karmi hoiatuse USA-le<\/a>&nbsp;&nbsp;eestinen<\/li>\n<li><a href=\"https:\/\/news.google.com\/rss\/articles\/CBMihAFBVV95cUxQSTFYR2FRb21Yd0pVMFdJaElJRHNIMDN4U0hZOUhIQTZXYzdqRXdCZV9yQVBwd01oMEhhOThoZ1RjT1FBYlNjM0NNU21tMnFYMkFVM3ZVNk5ZS1IxeFFHaG5VOFZ1Wkswc09hdEhfU1NpdHhpa3MtTExab1pRYlp1LVQwWUs?oc=5\" target=\"_blank\" rel=\"nofollow noopener\">USA kehtestas sanktsioonid Iraani siseministrile<\/a>&nbsp;&nbsp;ERR<\/li>\n<\/ol>\n","protected":false},"excerpt":{"rendered":"AK \u27e9 ICE on saanud Trumpi administratsiooni l\u00f6\u00f6girusikaks&nbsp;&nbsp;Maailm &#8211; Postimees.ee Iisrael usub USA r\u00fcnnakut Iraani vastu l\u00e4hip\u00e4evil ja&hellip;\n","protected":false},"author":2,"featured_media":99050,"comment_status":"","ping_status":"","sticky":false,"template":"","format":"standard","meta":{"footnotes":"","_share_on_mastodon":"0"},"categories":[80],"tags":[587,26,27,324,37,33,35,34,36,31,32,21,3461,28,29,95,9302,28885,19,25,23,24,22,20,30,92,93,94],"class_list":["post-99049","post","type-post","status-publish","format-standard","has-post-thumbnail","category-maailm","tag-ameerika-uhendriigid","tag-breaking-news","tag-breakingnews","tag-donald-trump","tag-ee","tag-eesti","tag-eesti-keel","tag-estonia","tag-estonian","tag-featured-news","tag-featurednews","tag-headlines","tag-ice","tag-latest-news","tag-latestnews","tag-maailm","tag-minneapolis","tag-minnesota","tag-news","tag-populaarseimad-lood","tag-top-stories","tag-topstories","tag-uldised-uudised","tag-uudised","tag-viimased-uudised","tag-world","tag-world-news","tag-worldnews"],"share_on_mastodon":{"url":"https:\/\/pubeurope.com\/@ee\/116001150352681880","error":""},"_links":{"self":[{"href":"https:\/\/www.europesays.com\/ee\/wp-json\/wp\/v2\/posts\/99049","targetHints":{"allow":["GET"]}}],"collection":[{"href":"https:\/\/www.europesays.com\/ee\/wp-json\/wp\/v2\/posts"}],"about":[{"href":"https:\/\/www.europesays.com\/ee\/wp-json\/wp\/v2\/types\/post"}],"author":[{"embeddable":true,"href":"https:\/\/www.europesays.com\/ee\/wp-json\/wp\/v2\/users\/2"}],"replies":[{"embeddable":true,"href":"https:\/\/www.europesays.com\/ee\/wp-json\/wp\/v2\/comments?post=99049"}],"version-history":[{"count":0,"href":"https:\/\/www.europesays.com\/ee\/wp-json\/wp\/v2\/posts\/99049\/revisions"}],"wp:featuredmedia":[{"embeddable":true,"href":"https:\/\/www.europesays.com\/ee\/wp-json\/wp\/v2\/media\/99050"}],"wp:attachment":[{"href":"https:\/\/www.europesays.com\/ee\/wp-json\/wp\/v2\/media?parent=99049"}],"wp:term":[{"taxonomy":"category","embeddable":true,"href":"https:\/\/www.europesays.com\/ee\/wp-json\/wp\/v2\/categories?post=99049"},{"taxonomy":"post_tag","embeddable":true,"href":"https:\/\/www.europesays.com\/ee\/wp-json\/wp\/v2\/tags?post=99049"}],"curies":[{"name":"wp","href":"https:\/\/api.w.org\/{rel}","templated":true}]}}