{"id":99094,"date":"2026-02-02T13:48:14","date_gmt":"2026-02-02T13:48:14","guid":{"rendered":"https:\/\/www.europesays.com\/ee\/99094\/"},"modified":"2026-02-02T13:48:14","modified_gmt":"2026-02-02T13:48:14","slug":"popikuninga-lapsed-on-tulis-michael-jacksoni-tutar-esitas-tema-parandvara-haldamise-parast-kohtusse-hagi","status":"publish","type":"post","link":"https:\/\/www.europesays.com\/ee\/99094\/","title":{"rendered":"Popikuninga lapsed on t\u00fclis. Michael Jacksoni t\u00fctar esitas tema p\u00e4randvara haldamise p\u00e4rast kohtusse hagi"},"content":{"rendered":"<p><img decoding=\"async\" src=\"https:\/\/www.europesays.com\/ee\/wp-content\/uploads\/2026\/02\/aba820a4-945c-412e-8959-93ce911aabea.jpg\" loading=\"lazy\" alt=\"Prince, Paris ja Bigi Jackson 2024. aasta m\u00e4rtsis\"\/><\/p>\n<p>Prince, Paris ja Bigi Jackson 2024. aasta m\u00e4rtsis<\/p>\n<p>FOTO: Newscom| Vida Press<\/p>\n<p>Varalahkunud popikuninga <a rel=\"noopener nofollow\" target=\"_blank\" href=\"https:\/\/www.delfi.ee\/teema\/417\/michael-jackson\" tag-id=\"417\">Michael Jacksoni<\/a> perekonnas on tormilised ajad, kuna tema kolm last on omavahel t\u00fclli p\u00f6\u00f6ranud. Jacksoni pojad ei saa oma \u00f5ega l\u00e4bi ning \u00fcritavad kiiresti \u00e4ra leppida, sest peagi on ilmavalgust n\u00e4gemast Michaelist r\u00e4\u00e4kiv film. Pojad ei soovi, et filmi asemel oleks t\u00e4helepanu keskpunktis perekonna siset\u00fcli. <\/p>\n","protected":false},"excerpt":{"rendered":"Prince, Paris ja Bigi Jackson 2024. aasta m\u00e4rtsis FOTO: Newscom| Vida Press Varalahkunud popikuninga Michael Jacksoni perekonnas on&hellip;\n","protected":false},"author":2,"featured_media":99095,"comment_status":"","ping_status":"","sticky":false,"template":"","format":"standard","meta":{"footnotes":"","_share_on_mastodon":"0"},"categories":[16],"tags":[47815,37,33,35,173,34,36,140,18610,20204,47814],"class_list":["post-99094","post","type-post","status-publish","format-standard","has-post-thumbnail","category-meelelahutus","tag-blanket-jackson","tag-ee","tag-eesti","tag-eesti-keel","tag-entertainment","tag-estonia","tag-estonian","tag-meelelahutus","tag-michael-jackson","tag-paris-jackson","tag-prince-jackson"],"share_on_mastodon":{"url":"https:\/\/pubeurope.com\/@ee\/116001354802149419","error":""},"_links":{"self":[{"href":"https:\/\/www.europesays.com\/ee\/wp-json\/wp\/v2\/posts\/99094","targetHints":{"allow":["GET"]}}],"collection":[{"href":"https:\/\/www.europesays.com\/ee\/wp-json\/wp\/v2\/posts"}],"about":[{"href":"https:\/\/www.europesays.com\/ee\/wp-json\/wp\/v2\/types\/post"}],"author":[{"embeddable":true,"href":"https:\/\/www.europesays.com\/ee\/wp-json\/wp\/v2\/users\/2"}],"replies":[{"embeddable":true,"href":"https:\/\/www.europesays.com\/ee\/wp-json\/wp\/v2\/comments?post=99094"}],"version-history":[{"count":0,"href":"https:\/\/www.europesays.com\/ee\/wp-json\/wp\/v2\/posts\/99094\/revisions"}],"wp:featuredmedia":[{"embeddable":true,"href":"https:\/\/www.europesays.com\/ee\/wp-json\/wp\/v2\/media\/99095"}],"wp:attachment":[{"href":"https:\/\/www.europesays.com\/ee\/wp-json\/wp\/v2\/media?parent=99094"}],"wp:term":[{"taxonomy":"category","embeddable":true,"href":"https:\/\/www.europesays.com\/ee\/wp-json\/wp\/v2\/categories?post=99094"},{"taxonomy":"post_tag","embeddable":true,"href":"https:\/\/www.europesays.com\/ee\/wp-json\/wp\/v2\/tags?post=99094"}],"curies":[{"name":"wp","href":"https:\/\/api.w.org\/{rel}","templated":true}]}}