{"id":99106,"date":"2026-02-02T13:59:07","date_gmt":"2026-02-02T13:59:07","guid":{"rendered":"https:\/\/www.europesays.com\/ee\/99106\/"},"modified":"2026-02-02T13:59:07","modified_gmt":"2026-02-02T13:59:07","slug":"taiuslikud-voorad-on-kogunud-mone-nadalaga-kinolevis-pea-67-000-kulastust-film","status":"publish","type":"post","link":"https:\/\/www.europesays.com\/ee\/99106\/","title":{"rendered":"&#8220;T\u00e4iuslikud v\u00f5\u00f5rad&#8221; on kogunud m\u00f5ne n\u00e4dalaga kinolevis pea 67 000 k\u00fclastust | Film"},"content":{"rendered":"<p>Re\u017eiss\u00f6\u00f6r Arun Tamme m\u00e4ngufilm &#8220;T\u00e4iuslikud v\u00f5\u00f5rad&#8221; on kolme levin\u00e4dalaga kogunud 66 923 k\u00fclastust.<\/p>\n<p>Filmi produtsendi Tanel Tatteri s\u00f5nul on huvi filmi vastu p\u00fcsinud stabiilselt k\u00f5rge k\u00f5igis Eesti linnades. &#8220;67 000 vaatajat nii l\u00fchikese ajaga on tulemus, mis annab filmitootjatele ja kinole v\u00e4ga vajalikku hoogu,&#8221; kinnitas ta. <br \/>\u00a0<br \/>Uutest tulijatest j\u00f5udsid kinotabelisse veel ka p\u00f5nevik &#8220;Varjupaik&#8221; Jason Stathamiga peaosas (2 318 k\u00fclastust) ja mullu P\u00d6FF-il esmakordselt Eesti vaatajate ette j\u00f5udnud &#8220;Kremli v\u00f5lur&#8221; (1 561 k\u00fclastust).<\/p>\n<p><img decoding=\"async\" data-photo-id=\"3176438\" src=\"https:\/\/www.europesays.com\/ee\/wp-content\/uploads\/2026\/02\/3176438h03a1t24.png\"\/>Kinolevi 30.01-01.02 Autor\/allikas: EFI<\/p>\n","protected":false},"excerpt":{"rendered":"Re\u017eiss\u00f6\u00f6r Arun Tamme m\u00e4ngufilm &#8220;T\u00e4iuslikud v\u00f5\u00f5rad&#8221; on kolme levin\u00e4dalaga kogunud 66 923 k\u00fclastust. Filmi produtsendi Tanel Tatteri s\u00f5nul&hellip;\n","protected":false},"author":2,"featured_media":99107,"comment_status":"","ping_status":"","sticky":false,"template":"","format":"standard","meta":{"footnotes":"","_share_on_mastodon":"0"},"categories":[16],"tags":[37,33,35,7243,173,34,36,11092,140,28416],"class_list":["post-99106","post","type-post","status-publish","format-standard","has-post-thumbnail","category-meelelahutus","tag-ee","tag-eesti","tag-eesti-keel","tag-efi","tag-entertainment","tag-estonia","tag-estonian","tag-kinolevi","tag-meelelahutus","tag-taiuslikud-voorad"],"share_on_mastodon":{"url":"https:\/\/pubeurope.com\/@ee\/116001398032764977","error":""},"_links":{"self":[{"href":"https:\/\/www.europesays.com\/ee\/wp-json\/wp\/v2\/posts\/99106","targetHints":{"allow":["GET"]}}],"collection":[{"href":"https:\/\/www.europesays.com\/ee\/wp-json\/wp\/v2\/posts"}],"about":[{"href":"https:\/\/www.europesays.com\/ee\/wp-json\/wp\/v2\/types\/post"}],"author":[{"embeddable":true,"href":"https:\/\/www.europesays.com\/ee\/wp-json\/wp\/v2\/users\/2"}],"replies":[{"embeddable":true,"href":"https:\/\/www.europesays.com\/ee\/wp-json\/wp\/v2\/comments?post=99106"}],"version-history":[{"count":0,"href":"https:\/\/www.europesays.com\/ee\/wp-json\/wp\/v2\/posts\/99106\/revisions"}],"wp:featuredmedia":[{"embeddable":true,"href":"https:\/\/www.europesays.com\/ee\/wp-json\/wp\/v2\/media\/99107"}],"wp:attachment":[{"href":"https:\/\/www.europesays.com\/ee\/wp-json\/wp\/v2\/media?parent=99106"}],"wp:term":[{"taxonomy":"category","embeddable":true,"href":"https:\/\/www.europesays.com\/ee\/wp-json\/wp\/v2\/categories?post=99106"},{"taxonomy":"post_tag","embeddable":true,"href":"https:\/\/www.europesays.com\/ee\/wp-json\/wp\/v2\/tags?post=99106"}],"curies":[{"name":"wp","href":"https:\/\/api.w.org\/{rel}","templated":true}]}}