{"id":99159,"date":"2026-02-02T14:58:06","date_gmt":"2026-02-02T14:58:06","guid":{"rendered":"https:\/\/www.europesays.com\/ee\/99159\/"},"modified":"2026-02-02T14:58:06","modified_gmt":"2026-02-02T14:58:06","slug":"tsahkna-sonul-voib-riik-venemaa-survestamiseks-sulgeda-piiri-taro-sellist-otsust-tehtud-ei-ole-praegu","status":"publish","type":"post","link":"https:\/\/www.europesays.com\/ee\/99159\/","title":{"rendered":"Tsahkna s\u00f5nul v\u00f5ib riik Venemaa survestamiseks sulgeda piiri. Taro: sellist otsust tehtud ei ole praegu"},"content":{"rendered":"<p>Tsahkna m\u00e4rkis ERR-ile veel, et valitsus ei ole seni n\u00e4inud otsest julgeolekuohtu, mis n\u00f5uaks piiri sulgemist, kuid see on \u00fcks v\u00f5imalikest survemeetmetest. Venelaste survestamiseks on Eestil tema s\u00f5nul palju vahendeid. Kommentaari jagas Tsahkna peale seda, kui kohtusid Eesti ja Venemaa piiriesindajad eelmisel reedel ning oodatud tulemust ei saavutatud.<\/p>\n<p><a rel=\"noopener nofollow\" target=\"_blank\" href=\"https:\/\/www.delfi.ee\/teema\/57999060\/siseminister\" tag-id=\"57999060\">Siseminister<\/a> <a rel=\"noopener nofollow\" target=\"_blank\" href=\"https:\/\/www.delfi.ee\/teema\/64007199\/igor-taro\" tag-id=\"64007199\">Igor Taro<\/a> m\u00e4rkis Delfile, et praeguse seisuga piiri sulgemise otsust tehtud ei ole. Siseministeeriumi piirivalve- ja r\u00e4ndeosakonna juhataja Janek M\u00e4gi lisas, et politsei- ja piirivalveametil (PPA) on valmisolek piiri sulgemiseks olemas, kui selline suunis peaks tulema. Hetkel seda aga ei ole.<\/p>\n<p>PPA piirivalvejuht <a rel=\"noopener nofollow\" target=\"_blank\" href=\"https:\/\/www.delfi.ee\/teema\/93339189\/veiko-kommusaar\" tag-id=\"93339189\">Veiko Kommusaar<\/a> m\u00e4rkis Delfile, et kui ohuolukord seda n\u00f5uab, on PPA valmis piiripunktid sulgema lausa loetud minutitega. \u201eM\u00f6\u00f6dunud aastal tugevdasime piiripunktides taristut ning piiripunktide territooriumile paigaldati nii t\u00f5kked, draakonihambad kui ka voldikv\u00e4ravad, millest viimased saab sulgeda vaid \u00fche nupuvajutusega,\u201c lisas ta.<\/p>\n<p><a href=\"http:\/\/www.delfi.ee\/artikkel\/120433047\/vene-pool-ei-tunnista-jatkuvalt-detsembrikuist-ebaseaduslikku-piiriuletust#dalrel-in-article\" class=\"content-embedded-articles-single__embedded-article\" data-v-469265ed=\"\" rel=\"nofollow noopener\" target=\"_blank\"><\/p>\n<p> 30.01.2026 <\/p>\n<p> Vene pool ei tunnista j\u00e4tkuvalt detsembrikuist ebaseaduslikku piiri\u00fcletust  (193) <\/p>\n<p><\/a><\/p>\n<p>Piiriesindajad enam aga kohtuda ei plaani, viimane kohtumine toimus reedel ning Venemaa ei tunnistanud seal, et <a rel=\"noopener nofollow\" target=\"_blank\" href=\"https:\/\/www.delfi.ee\/teema\/66935200\/vasknarva-0\" tag-id=\"66935200\">Vasknarva<\/a> muulil \u00fcletati piiri ebaseaduslikult. \u201eKuiv\u00f5rd Venemaa Eesti poolt fikseeritud ebaseaduslikku piiri\u00fcletust j\u00e4tkuvalt ei tunnista, siis piiriesindajate tasemel seda juhtumit t\u00f5e poolest enam ei arutata,\u201c kinnitas Kommusaar.<\/p>\n<p>\u201eOleme korduvalt n\u00e4inud, et selline k\u00e4itumine on osa Venemaa viimaste aastate mustrist, kus sisulist lahendust leida ei soovita,\u201c r\u00e4\u00e4kis PPA piirivalvejuht. \u201eVahetult kohtumise j\u00e4rel informeerisime tulemustest ka partnereid ministeeriumides ning neid k\u00fcsimusi arutatakse kahtlemata edasi, sealhulgas ka valitsuse tasemel.\u201c<\/p>\n<p>PPA \u00fclesanne on Kommusaare s\u00f5nul tagada, et Eesti piir peaks vastu. \u201eSeet\u00f5ttu oleme ka viimaste aastate piiriintsidentide valguses suunanud Euroopa Liidu v\u00e4lispiirile t\u00e4iendavat ressurssi, t\u00f5hustanud piiri valvamise meetmeid ning valmisolekut provokatsioonidele reageerida. Piiri valvamisel on meile abiks ka Frontexi kolleegid ning oleme kaasanud partnerid ka teistest asutustest,\u201c lisas ta.<\/p>\n<p>Politsei- ja piirivalveamet j\u00e4tkab nii Vasknarva l\u00f5igul kui ka \u00fclej\u00e4\u00e4nud kontrolljoone ulatuses piiri valvamist senistel alusel. \u201eKohad, mis piirivalvamise m\u00f5istes on meie teravama t\u00e4helepanu all, sinna peame suunama t\u00e4iendavat ressurssi ning j\u00e4lgime pingsalt, mis meie idapiiril toimub,\u201c lisas Kommusaar.<\/p>\n<p>Kuidas see lugu Sind end tundma pani? Saada <a href=\"https:\/\/www.delfi.ee\/artikkel\/120433456\/tsahkna-sonul-voib-riik-venemaa-survestamiseks-sulgeda-piiri-taro-sellist-otsust-tehtud-ei-ole-praegu\/kommentaarid\" class=\"article-body-bottom__comment article-body-bottom__comment--write button button--primary button--size-auto\" rel=\"nofollow noopener\" target=\"_blank\"> Kommenteeri <\/a><a href=\"https:\/\/www.delfi.ee\/artikkel\/120433456\/tsahkna-sonul-voib-riik-venemaa-survestamiseks-sulgeda-piiri-taro-sellist-otsust-tehtud-ei-ole-praegu\/kommentaarid\" class=\"article-body-bottom__comment article-body-bottom__comment--read button button--size-auto\" rel=\"nofollow noopener\" target=\"_blank\"> Loe kommentaare (8)<\/a><\/p>\n","protected":false},"excerpt":{"rendered":"Tsahkna m\u00e4rkis ERR-ile veel, et valitsus ei ole seni n\u00e4inud otsest julgeolekuohtu, mis n\u00f5uaks piiri sulgemist, kuid see&hellip;\n","protected":false},"author":2,"featured_media":99160,"comment_status":"","ping_status":"","sticky":false,"template":"","format":"standard","meta":{"footnotes":"","_share_on_mastodon":"0"},"categories":[12],"tags":[26,27,37,33,35,10495,34,36,31,32,21,614,28,29,1131,19,25,4262,8563,23,24,22,20,121,12906,12202,96,30],"class_list":["post-99159","post","type-post","status-publish","format-standard","has-post-thumbnail","category-eesti","tag-breaking-news","tag-breakingnews","tag-ee","tag-eesti","tag-eesti-keel","tag-eesti-vene-piir","tag-estonia","tag-estonian","tag-featured-news","tag-featurednews","tag-headlines","tag-igor-taro","tag-latest-news","tag-latestnews","tag-margus-tsahkna","tag-news","tag-populaarseimad-lood","tag-ppa","tag-siseminister","tag-top-stories","tag-topstories","tag-uldised-uudised","tag-uudised","tag-valisminister","tag-vasknarva","tag-veiko-kommusaar","tag-venemaa","tag-viimased-uudised"],"share_on_mastodon":{"url":"https:\/\/pubeurope.com\/@ee\/116001630093116189","error":""},"_links":{"self":[{"href":"https:\/\/www.europesays.com\/ee\/wp-json\/wp\/v2\/posts\/99159","targetHints":{"allow":["GET"]}}],"collection":[{"href":"https:\/\/www.europesays.com\/ee\/wp-json\/wp\/v2\/posts"}],"about":[{"href":"https:\/\/www.europesays.com\/ee\/wp-json\/wp\/v2\/types\/post"}],"author":[{"embeddable":true,"href":"https:\/\/www.europesays.com\/ee\/wp-json\/wp\/v2\/users\/2"}],"replies":[{"embeddable":true,"href":"https:\/\/www.europesays.com\/ee\/wp-json\/wp\/v2\/comments?post=99159"}],"version-history":[{"count":0,"href":"https:\/\/www.europesays.com\/ee\/wp-json\/wp\/v2\/posts\/99159\/revisions"}],"wp:featuredmedia":[{"embeddable":true,"href":"https:\/\/www.europesays.com\/ee\/wp-json\/wp\/v2\/media\/99160"}],"wp:attachment":[{"href":"https:\/\/www.europesays.com\/ee\/wp-json\/wp\/v2\/media?parent=99159"}],"wp:term":[{"taxonomy":"category","embeddable":true,"href":"https:\/\/www.europesays.com\/ee\/wp-json\/wp\/v2\/categories?post=99159"},{"taxonomy":"post_tag","embeddable":true,"href":"https:\/\/www.europesays.com\/ee\/wp-json\/wp\/v2\/tags?post=99159"}],"curies":[{"name":"wp","href":"https:\/\/api.w.org\/{rel}","templated":true}]}}