{"id":99286,"date":"2026-02-02T17:29:11","date_gmt":"2026-02-02T17:29:11","guid":{"rendered":"https:\/\/www.europesays.com\/ee\/99286\/"},"modified":"2026-02-02T17:29:11","modified_gmt":"2026-02-02T17:29:11","slug":"kaljus-testimisel-olnud-sotsugov-teenis-kolmeaastase-lepingu-soccernet-ee","status":"publish","type":"post","link":"https:\/\/www.europesays.com\/ee\/99286\/","title":{"rendered":"Kaljus testimisel olnud S\u00f5t\u0161ugov teenis kolmeaastase lepingu &#8211; Soccernet.ee"},"content":{"rendered":"<p><img decoding=\"async\" src=\"https:\/\/www.europesays.com\/ee\/wp-content\/uploads\/2026\/02\/1770035168.jpg\" alt=\"Daniil S\u00f5t\u0161ugov N\u00f5mme Kalju treeningul. Foto: Anna Andreas\"\/>&#13;\n<\/p>\n<p>N\u00f5mme Kaljus testimisel viibinud \u00e4\u00e4rekaitsja Daniil S\u00f5t\u0161ugov (23) teenis klubilt kolmeaastase lepingu. Tallinna Kalevist n\u00f5mmekate ridadesse siirdunud S\u00f5t\u0161ugov hakkab kandma s\u00e4rginumbrit 88.<\/p>\n<p>Kalju peatreener Nikita Andrejev kommenteeris klubi <a href=\"https:\/\/jkkalju.ee\/uus-taiendus\/\" target=\"_blank\" rel=\"nofollow noopener\">kodulehele<\/a>, et n\u00e4eb uues t\u00e4ienduses mitmek\u00fclgset lahendust: &#8220;Daniil on t\u00f6\u00f6kas ja mitmek\u00fclgne m\u00e4ngija, kellel on Premium liiga kogemus ning hea arengupotentsiaal. Usume, et ta sobitub meie m\u00e4nguplaani ning toob meeskonda nii konkurentsi kui ka kvaliteeti.&#8221;&#13;\n<\/p>\n<p>Ka S\u00f5t\u0161ugov ise vaatab uuele etapile positiivselt: &#8220;Olen p\u00f5nevil oma karj\u00e4\u00e4ri j\u00e4rgmise sammu \u00fcle. Annan endast k\u00f5ik, et aidata meeskonda ja areneda ka isiklikus plaanis. Olen selle \u00fclemineku \u00fcle v\u00e4ga \u00f5nnelik ning ootan p\u00f5nevusega m\u00e4nge N\u00f5mme Kalju ja Roosade Pantrite eest.&#8221;&#13;\n<\/p>\n<p>Jaanuari alguses oli Kalju president Kuno Tehva Soccernetile \u00f6elnud, et S\u00f5t\u0161ugov soovis ennast ise n\u00f5mmekatele n\u00e4idata.<\/p>\n<p>S\u00f5t\u0161ugov esindas oma kasvatajaklubi Tallinna Kalevit 155 Premium liiga m\u00e4ngus. Eesti noortekoondiste eest k\u00e4is ta platsil 24 korda.&#13;\n<\/p>\n<p>S\u00f5t\u0161ugov on talvises \u00fcleminekuaknas Kalju teine t\u00e4iendus. Esimeseks oli FC Kuressaarest tulnud poolkaitsja Aleksander Iljin.<\/p>\n","protected":false},"excerpt":{"rendered":"&#13; N\u00f5mme Kaljus testimisel viibinud \u00e4\u00e4rekaitsja Daniil S\u00f5t\u0161ugov (23) teenis klubilt kolmeaastase lepingu. Tallinna Kalevist n\u00f5mmekate ridadesse siirdunud&hellip;\n","protected":false},"author":2,"featured_media":99287,"comment_status":"","ping_status":"","sticky":false,"template":"","format":"standard","meta":{"footnotes":"","_share_on_mastodon":"0"},"categories":[18],"tags":[1591,40053,37,33,35,34,36,1618,1619,1357,837,1592,1550,167,12596,159,158],"class_list":["post-99286","post","type-post","status-publish","format-standard","has-post-thumbnail","category-sport","tag-andrejev","tag-daniil-sotsugov","tag-ee","tag-eesti","tag-eesti-keel","tag-estonia","tag-estonian","tag-jk-tallinna-kalev","tag-kalev","tag-kalju","tag-meistriliiga","tag-nikita-andrejev","tag-nomme-kalju-fc","tag-premium-liiga","tag-sotsugov","tag-sport","tag-sports"],"share_on_mastodon":{"url":"https:\/\/pubeurope.com\/@ee\/116002223832314814","error":""},"_links":{"self":[{"href":"https:\/\/www.europesays.com\/ee\/wp-json\/wp\/v2\/posts\/99286","targetHints":{"allow":["GET"]}}],"collection":[{"href":"https:\/\/www.europesays.com\/ee\/wp-json\/wp\/v2\/posts"}],"about":[{"href":"https:\/\/www.europesays.com\/ee\/wp-json\/wp\/v2\/types\/post"}],"author":[{"embeddable":true,"href":"https:\/\/www.europesays.com\/ee\/wp-json\/wp\/v2\/users\/2"}],"replies":[{"embeddable":true,"href":"https:\/\/www.europesays.com\/ee\/wp-json\/wp\/v2\/comments?post=99286"}],"version-history":[{"count":0,"href":"https:\/\/www.europesays.com\/ee\/wp-json\/wp\/v2\/posts\/99286\/revisions"}],"wp:featuredmedia":[{"embeddable":true,"href":"https:\/\/www.europesays.com\/ee\/wp-json\/wp\/v2\/media\/99287"}],"wp:attachment":[{"href":"https:\/\/www.europesays.com\/ee\/wp-json\/wp\/v2\/media?parent=99286"}],"wp:term":[{"taxonomy":"category","embeddable":true,"href":"https:\/\/www.europesays.com\/ee\/wp-json\/wp\/v2\/categories?post=99286"},{"taxonomy":"post_tag","embeddable":true,"href":"https:\/\/www.europesays.com\/ee\/wp-json\/wp\/v2\/tags?post=99286"}],"curies":[{"name":"wp","href":"https:\/\/api.w.org\/{rel}","templated":true}]}}