{"id":99528,"date":"2026-02-03T02:42:06","date_gmt":"2026-02-03T02:42:06","guid":{"rendered":"https:\/\/www.europesays.com\/ee\/99528\/"},"modified":"2026-02-03T02:42:06","modified_gmt":"2026-02-03T02:42:06","slug":"erkki-keldo-%e2%9f%a9-tosin-pohjust-miks-saame-sel-aastal-olla-optimistlikumad","status":"publish","type":"post","link":"https:\/\/www.europesays.com\/ee\/99528\/","title":{"rendered":"ERKKI KELDO \u27e9 Tosin p\u00f5hjust, miks saame sel aastal olla optimistlikumad"},"content":{"rendered":"<p>Aeglustuv hinnat\u00f5us kasvatab inimeste ostuj\u00f5udu<\/p>\n<p>Hinnat\u00f5us ei meeldi \u00fcldjuhul kellelegi, mist\u00f5ttu on hea, et j\u00e4rgnevatel aastatel see oluliselt aeglustub. Viimasest finantskriisist alates ehk viimase viieteist aasta jooksul on Eestis hinnad t\u00f5usnud keskmiselt 4 protsenti aastas. T\u00e4navu langeb Eesti Panga prognoosi j\u00e4rgi hinnat\u00f5us 2,9 protsendini ja tuleval aastal lausa 2,4 protsendini. Sealjuures palgakasv j\u00e4\u00e4b ligi kaks korda kiiremaks ehk on t\u00e4navu 5,4 protsenti ja j\u00e4rgmisel aastal 5 protsenti. Kasvab inimeste ostuj\u00f5ud ja tarbijakindlus suureneb.<\/p>\n<p>Hinnat\u00f5usuga on see lugu, et liiga kiire kasv ei ole hea, aga samas pikemat aega ei ole ka hindade langus ehk deflatsioon \u00fchiskonnale kasulik. Majandusteadlased on j\u00f5udnud konsensusele, et ca kaheprotsendiline aastane inflatsioon on k\u00f5ige m\u00f5istlikum. \u00dchest k\u00fcljest hoiab majanduse liikumas. Investeeringuid ja oste ei l\u00fckata edasi lootuses midagi odavamalt saada. Teisalt ei kulutata liiga kiiresti s\u00e4\u00e4stude v\u00e4\u00e4rtust.<\/p>\n<p>Praegused arengud viitavad, et just sellisele tasemele peakski meie hinnat\u00f5us langema ning seel\u00e4bi j\u00e4tkuma nii ostuj\u00f5u kasv kui ka \u00fcldine eluolu paranemine.<\/p>\n<p>Ka pessimistidel on p\u00f5hjust optimistlik olla<\/p>\n<p>Kui k\u00f5ik need tegurid ja ka paljud muud meie majandusele positiivselt m\u00f5juvad tegevused valemisse ritta panna, saab p\u00e4ris kena tulemuse, mis v\u00f5iks ka k\u00f5ige suuremale pessimistile korraks puhkust anda.<\/p>\n<p>Lubame endil olla \u00fcle pika aja optimistlikud \u2212 see on kasulik nii meie kui ka majanduse tervisele. M\u00f5lemad on ju elavad organismid.<\/p>\n","protected":false},"excerpt":{"rendered":"Aeglustuv hinnat\u00f5us kasvatab inimeste ostuj\u00f5udu Hinnat\u00f5us ei meeldi \u00fcldjuhul kellelegi, mist\u00f5ttu on hea, et j\u00e4rgnevatel aastatel see oluliselt&hellip;\n","protected":false},"author":2,"featured_media":99529,"comment_status":"","ping_status":"","sticky":false,"template":"","format":"standard","meta":{"footnotes":"","_share_on_mastodon":"0"},"categories":[12],"tags":[47961,26,27,37,33,35,43057,2197,34,36,31,32,21,28,29,2198,4832,19,25,23,24,47960,47962,22,20,30],"class_list":["post-99528","post","type-post","status-publish","format-standard","has-post-thumbnail","category-eesti","tag-aeglustuv-hinnatous","tag-breaking-news","tag-breakingnews","tag-ee","tag-eesti","tag-eesti-keel","tag-eesti-majanduskasv","tag-erkki-keldo","tag-estonia","tag-estonian","tag-featured-news","tag-featurednews","tag-headlines","tag-latest-news","tag-latestnews","tag-majanduskasv","tag-maksukuur","tag-news","tag-populaarseimad-lood","tag-top-stories","tag-topstories","tag-tulumaksumuudatused","tag-tulumaksususteem","tag-uldised-uudised","tag-uudised","tag-viimased-uudised"],"share_on_mastodon":{"url":"https:\/\/pubeurope.com\/@ee\/116004398243104139","error":""},"_links":{"self":[{"href":"https:\/\/www.europesays.com\/ee\/wp-json\/wp\/v2\/posts\/99528","targetHints":{"allow":["GET"]}}],"collection":[{"href":"https:\/\/www.europesays.com\/ee\/wp-json\/wp\/v2\/posts"}],"about":[{"href":"https:\/\/www.europesays.com\/ee\/wp-json\/wp\/v2\/types\/post"}],"author":[{"embeddable":true,"href":"https:\/\/www.europesays.com\/ee\/wp-json\/wp\/v2\/users\/2"}],"replies":[{"embeddable":true,"href":"https:\/\/www.europesays.com\/ee\/wp-json\/wp\/v2\/comments?post=99528"}],"version-history":[{"count":0,"href":"https:\/\/www.europesays.com\/ee\/wp-json\/wp\/v2\/posts\/99528\/revisions"}],"wp:featuredmedia":[{"embeddable":true,"href":"https:\/\/www.europesays.com\/ee\/wp-json\/wp\/v2\/media\/99529"}],"wp:attachment":[{"href":"https:\/\/www.europesays.com\/ee\/wp-json\/wp\/v2\/media?parent=99528"}],"wp:term":[{"taxonomy":"category","embeddable":true,"href":"https:\/\/www.europesays.com\/ee\/wp-json\/wp\/v2\/categories?post=99528"},{"taxonomy":"post_tag","embeddable":true,"href":"https:\/\/www.europesays.com\/ee\/wp-json\/wp\/v2\/tags?post=99528"}],"curies":[{"name":"wp","href":"https:\/\/api.w.org\/{rel}","templated":true}]}}