{"id":99542,"date":"2026-02-03T03:34:12","date_gmt":"2026-02-03T03:34:12","guid":{"rendered":"https:\/\/www.europesays.com\/ee\/99542\/"},"modified":"2026-02-03T03:34:12","modified_gmt":"2026-02-03T03:34:12","slug":"infantino-vene-igatsus-ei-vaibu-keeluga-ei-saavuta-midagi-aga-kui-venemaa-lapsed-mangiksid-koikjal-euroopas-soccernet-ee","status":"publish","type":"post","link":"https:\/\/www.europesays.com\/ee\/99542\/","title":{"rendered":"Infantino Vene-igatsus ei vaibu: keeluga ei saavuta midagi, aga kui Venemaa lapsed m\u00e4ngiksid k\u00f5ikjal Euroopas &#8230; &#8211; Soccernet.ee"},"content":{"rendered":"<p><img decoding=\"async\" src=\"https:\/\/www.europesays.com\/ee\/wp-content\/uploads\/2026\/02\/1770061328.jpg\" alt=\"Gianni Infantino ihkab p\u00e4evast p\u00e4eva ukrainlasi tapvat Venemaad tagasi jalgpalliperre. Foto: Scanpix \/ Petr David Josek \/ AP Photo\"\/>&#13;\n<\/p>\n<p>FIFA president Gianni Infantino r\u00f5hutas taas, et loodab Venemaa jalgpalli v\u00f5imalikult ruttu tagasi rahvusvahelisele areenile tuua. Tema hinnangul ei ole venelastele m\u00e4\u00e4ratud v\u00f5istluskeeluga &#8220;mitte midagi saavutatud&#8221;, vahendab Sky Sports.<\/p>\n<p>Kui Venemaa 2022. aasta veebruaris Ukraina vastu s\u00f5jategevust alustas, allkirjastasid FIFA ja UEFA teadaande, et Venemaa koondis j\u00e4etakse 2022. aasta MM-ist k\u00f5rvale ning k\u00f5ik riigi klubid on &#8220;m\u00e4\u00e4ramata ajaks&#8221; rahvusvahelistest sarjadest samuti k\u00f5rvaldatud. Naiste klubide MM-i t\u00f5ttu Londonis viibinud Infantino andis n\u00fc\u00fcd aga Sky Sportsile intervjuu, kus s\u00f5nas, et noorteklassides tuleks keeld t\u00fchistada.&#13;\n<\/p>\n<p>&#8220;Peame kaaluma Venemaa tagasiv\u00f5tmist. P\u00e4ris kindlasti. Selle keeluga ei ole midagi saavutatud, see on p\u00f5hjustanud vaid t\u00e4iendavaid pingeid ja vihkamist. Kui laseme Venemaalt p\u00e4rit poistel ja t\u00fcdrukutel teistes Euroopa nurkades jalgpalli m\u00e4ngida, v\u00f5ib see kasuks tulla,&#8221; leidis Infantino. &#8220;Peame seda p\u00e4ris kindlasti tegema, v\u00e4hemalt noorteklassides.&#8221;&#13;\n<\/p>\n<p>UEFA k\u00e4is 2023. aastal v\u00e4lja ettepaneku lubada Venemaa U17 koondised taas v\u00f5istlema, kuid taganes kiirelt, kui paljud liikmed selle vastu valjuh\u00e4\u00e4lset protesti avaldasid. Skandaal puhkes ka Eestis, kui Eesti Jalgpalli Liit ei j\u00e4rginud avalikkuse hinnangul piisavalt kiiresti P\u00f5hjamaade ja naaberriikide eeskuju ega reageerinud UEFA avaldusele kohe hukkam\u00f5istvalt.<\/p>\n<p>Seej\u00e4rel on UEFA president Aleksander Ceferin toonitanud, et Venemaa v\u00f5etakse rahvusvahelisse jalgpalli tagasi alles siis, kui s\u00f5da l\u00f5peb. Infantino on aga olnud teist meelt. Mullu aprillis lausus ta UEFA kongressil, et tahab &#8220;tuua Venemaa tagasi jalgpallimaastikule, sest see n\u00e4itaks, et k\u00f5ik on lahendatud&#8221;.&#13;\n<\/p>\n<p>UEFA t\u00e4itekomitee koguneb veebruari l\u00f5pus ning teoreetiliselt on v\u00f5imalik, et juba siis lubatakse Venemaa koondised tagasi v\u00f5istlema. Suvel Eestis peetavat noormeeste U17 vanuseklassi finaalturniiri see otsus puudutada ei saa, sest sinna kvalifitseerumine algas juba s\u00fcgisel ilma Venemaa osaluseta ja valiksarja esimene ring on praeguseks m\u00e4ngitud.&#13;\n<\/p>\n<p>FIFA k\u00e4is aga detsembri keskel v\u00e4lja plaani hakata korraldama uut U15 vanuseklassi jalgpallifestivali, mis toimub 2026. aastal poistele ja 2027. aastal t\u00fcdrukutele. \u00dcritust v\u00e4lja reklaamides r\u00f5hutati seejuures, et see on &#8220;avatud k\u00f5igile 211 FIFA liikmele&#8221;.&#13;<\/p>\n","protected":false},"excerpt":{"rendered":"&#13; FIFA president Gianni Infantino r\u00f5hutas taas, et loodab Venemaa jalgpalli v\u00f5imalikult ruttu tagasi rahvusvahelisele areenile tuua. Tema&hellip;\n","protected":false},"author":2,"featured_media":99543,"comment_status":"","ping_status":"","sticky":false,"template":"","format":"standard","meta":{"footnotes":"","_share_on_mastodon":"0"},"categories":[18],"tags":[37,33,35,34,36,3223,3224,7686,435,159,158,4028,1345,96],"class_list":["post-99542","post","type-post","status-publish","format-standard","has-post-thumbnail","category-sport","tag-ee","tag-eesti","tag-eesti-keel","tag-estonia","tag-estonian","tag-fifa","tag-gianni-infantino","tag-infantino","tag-pohlak","tag-sport","tag-sports","tag-u17","tag-uefa","tag-venemaa"],"share_on_mastodon":{"url":"https:\/\/pubeurope.com\/@ee\/116004602692206454","error":""},"_links":{"self":[{"href":"https:\/\/www.europesays.com\/ee\/wp-json\/wp\/v2\/posts\/99542","targetHints":{"allow":["GET"]}}],"collection":[{"href":"https:\/\/www.europesays.com\/ee\/wp-json\/wp\/v2\/posts"}],"about":[{"href":"https:\/\/www.europesays.com\/ee\/wp-json\/wp\/v2\/types\/post"}],"author":[{"embeddable":true,"href":"https:\/\/www.europesays.com\/ee\/wp-json\/wp\/v2\/users\/2"}],"replies":[{"embeddable":true,"href":"https:\/\/www.europesays.com\/ee\/wp-json\/wp\/v2\/comments?post=99542"}],"version-history":[{"count":0,"href":"https:\/\/www.europesays.com\/ee\/wp-json\/wp\/v2\/posts\/99542\/revisions"}],"wp:featuredmedia":[{"embeddable":true,"href":"https:\/\/www.europesays.com\/ee\/wp-json\/wp\/v2\/media\/99543"}],"wp:attachment":[{"href":"https:\/\/www.europesays.com\/ee\/wp-json\/wp\/v2\/media?parent=99542"}],"wp:term":[{"taxonomy":"category","embeddable":true,"href":"https:\/\/www.europesays.com\/ee\/wp-json\/wp\/v2\/categories?post=99542"},{"taxonomy":"post_tag","embeddable":true,"href":"https:\/\/www.europesays.com\/ee\/wp-json\/wp\/v2\/tags?post=99542"}],"curies":[{"name":"wp","href":"https:\/\/api.w.org\/{rel}","templated":true}]}}