{"id":99647,"date":"2026-02-03T07:51:15","date_gmt":"2026-02-03T07:51:15","guid":{"rendered":"https:\/\/www.europesays.com\/ee\/99647\/"},"modified":"2026-02-03T07:51:15","modified_gmt":"2026-02-03T07:51:15","slug":"jaanuarikuus-sundis-omalaadne-rekord-jarva-teataja","status":"publish","type":"post","link":"https:\/\/www.europesays.com\/ee\/99647\/","title":{"rendered":"Jaanuarikuus s\u00fcndis omalaadne rekord &#8211; J\u00e4rva Teataja"},"content":{"rendered":"<ol>\n<li><a href=\"https:\/\/news.google.com\/rss\/articles\/CBMihAFBVV95cUxNQ0I2aVhUcDlUaHlVdndETnBlcm9aejZva2tRQkh6UnEzcDYzbWxGdkJVSGc2TTB4RGd6TWdkZzQ2bFRPVXhyd01XVVdkeHJFOWotNEFhcldSNlZaWWU1U185LWpJVWRpbWZXYkFIb19WeFJxTDdlMkdNWmxhdzh0T1RyS1A?oc=5\" target=\"_blank\" rel=\"nofollow noopener\">Jaanuarikuus s\u00fcndis omalaadne rekord<\/a>&nbsp;&nbsp;J\u00e4rva Teataja<\/li>\n<li><a href=\"https:\/\/news.google.com\/rss\/articles\/CBMiigFBVV95cUxON1p1MHh5b0Z0c1kzT0U1R05FQWRqTU5LX2huamg1WnR3cEpabEdYVUs3N3FObUJBc2U4VDljVTFNUWVsZlNJZ3dHbElZeDJleFIzZGhrLTBkcVg3SVVvZWJuMWJfWjV5ekJTeGhLSldvOG5yNXAyY3lYa3I4a2RDc3cyVXhqd0R0aXc?oc=5\" target=\"_blank\" rel=\"nofollow noopener\">Jaanuar oli keskmisest ligi viis kraadi jahedam<\/a>&nbsp;&nbsp;ERR<\/li>\n<li><a href=\"https:\/\/news.google.com\/rss\/articles\/CBMiqgFBVV95cUxNWGZZQnNoS1NpSWcyWjlON0tLMUQxLU1DN01Jb2RaUzRsY1laWF93T21OTWNOWFBMdGl5aVBFTmx2a1FkaVR2UEdkcTN6ZFRZVGdpY08zUG95QTAxdDRFUFE4cS1ZR0VmOGhsV21jdTZXb21ScmREaURDMW5Ndy1UdGRiX3BPOXBzZGh1U0MydU92LXNqUkxWNk5IWlViMEtqTzU0aS1ZVDdRUQ?oc=5\" target=\"_blank\" rel=\"nofollow noopener\">K\u00dc\u00dcNLAP\u00c4EV \u27e9 T\u00e4na keerab karu teise k\u00fclje ja p\u00e4ike toob naistele tervist<\/a>&nbsp;&nbsp;Sakala<\/li>\n<li><a href=\"https:\/\/news.google.com\/rss\/articles\/CBMiugFBVV95cUxNbUhCUXdOMTZ0VVhKTTV2aDhyX0tybmt2VUNxU2NHX2NJbFhPZFBKSzhTRnpkZ1NSQXFoTUg1ZTYxb1RYcE9fQWE0TUZxQVpib0ZuVTV2SnhDcnh2U1A3anFCVnFRbDVDRndmNlJSb3NvekFrMGJUTnhQcTNaaVhEaG5ESUVyaUJlWURqVTZTS3JuaHd3dUprZ2poN2dmSG9ub1Q1UURzQ0NCZzBUZHlsXzdnMjFVUlkzVGc?oc=5\" target=\"_blank\" rel=\"nofollow noopener\">Keskkonnaagentuuri blogis: Jaanuar oli pikaajalisest keskmisest k\u00fclmem, kuivem ja p\u00e4ikeselisem<\/a>&nbsp;&nbsp;L\u00f5unaeestlane<\/li>\n<li><a href=\"https:\/\/news.google.com\/rss\/articles\/CBMiqgFBVV95cUxPVlRueGlubUNWRHpyOUN2YUJFdEVaeG9DS3lLc2ctUjczdWJiNjhIMHpHQWFwN19UcWtWTWo3enBFWWJKa3pyRk91YlNLd1VBa1lKdVl5bzFqRlNBRTlieGQtNW9wT203dHZVQlhuYU1DRFpueWgxZ0lMTVRKSzIzOXE2bnczdF9wMXphcnQ1S25ra0JZMXFuWk03ZXZTY2l6OGVfS0Q2MEdwUQ?oc=5\" target=\"_blank\" rel=\"nofollow noopener\">Karm pakane ei taandu: jaanuarik\u00fclm seab proovile k\u00fctte, veev\u00e4rgi, transpordi ja tervise<\/a>&nbsp;&nbsp;MinuAeg |<\/li>\n<\/ol>\n","protected":false},"excerpt":{"rendered":"Jaanuarikuus s\u00fcndis omalaadne rekord&nbsp;&nbsp;J\u00e4rva Teataja Jaanuar oli keskmisest ligi viis kraadi jahedam&nbsp;&nbsp;ERR K\u00dc\u00dcNLAP\u00c4EV \u27e9 T\u00e4na keerab karu teise&hellip;\n","protected":false},"author":2,"featured_media":99648,"comment_status":"","ping_status":"","sticky":false,"template":"","format":"standard","meta":{"footnotes":"","_share_on_mastodon":"0"},"categories":[5],"tags":[26,27,37,33,35,34,36,31,32,21,8293,3963,45537,47985,28,29,19,25,23,24,22,20,30],"class_list":["post-99647","post","type-post","status-publish","format-standard","has-post-thumbnail","category-uldised-uudised","tag-breaking-news","tag-breakingnews","tag-ee","tag-eesti","tag-eesti-keel","tag-estonia","tag-estonian","tag-featured-news","tag-featurednews","tag-headlines","tag-ilmajaam","tag-ilmateade","tag-kulmarekord","tag-kulmarekordid","tag-latest-news","tag-latestnews","tag-news","tag-populaarseimad-lood","tag-top-stories","tag-topstories","tag-uldised-uudised","tag-uudised","tag-viimased-uudised"],"share_on_mastodon":{"url":"https:\/\/pubeurope.com\/@ee\/116005613271666000","error":""},"_links":{"self":[{"href":"https:\/\/www.europesays.com\/ee\/wp-json\/wp\/v2\/posts\/99647","targetHints":{"allow":["GET"]}}],"collection":[{"href":"https:\/\/www.europesays.com\/ee\/wp-json\/wp\/v2\/posts"}],"about":[{"href":"https:\/\/www.europesays.com\/ee\/wp-json\/wp\/v2\/types\/post"}],"author":[{"embeddable":true,"href":"https:\/\/www.europesays.com\/ee\/wp-json\/wp\/v2\/users\/2"}],"replies":[{"embeddable":true,"href":"https:\/\/www.europesays.com\/ee\/wp-json\/wp\/v2\/comments?post=99647"}],"version-history":[{"count":0,"href":"https:\/\/www.europesays.com\/ee\/wp-json\/wp\/v2\/posts\/99647\/revisions"}],"wp:featuredmedia":[{"embeddable":true,"href":"https:\/\/www.europesays.com\/ee\/wp-json\/wp\/v2\/media\/99648"}],"wp:attachment":[{"href":"https:\/\/www.europesays.com\/ee\/wp-json\/wp\/v2\/media?parent=99647"}],"wp:term":[{"taxonomy":"category","embeddable":true,"href":"https:\/\/www.europesays.com\/ee\/wp-json\/wp\/v2\/categories?post=99647"},{"taxonomy":"post_tag","embeddable":true,"href":"https:\/\/www.europesays.com\/ee\/wp-json\/wp\/v2\/tags?post=99647"}],"curies":[{"name":"wp","href":"https:\/\/api.w.org\/{rel}","templated":true}]}}