{"id":99809,"date":"2026-02-03T11:29:18","date_gmt":"2026-02-03T11:29:18","guid":{"rendered":"https:\/\/www.europesays.com\/ee\/99809\/"},"modified":"2026-02-03T11:29:18","modified_gmt":"2026-02-03T11:29:18","slug":"ukraina-liigitas-iraani-revolutsioonikaardi-terroriorganisatsiooniks-valismaa","status":"publish","type":"post","link":"https:\/\/www.europesays.com\/ee\/99809\/","title":{"rendered":"Ukraina liigitas Iraani revolutsioonikaardi terroriorganisatsiooniks | V\u00e4lismaa"},"content":{"rendered":"<p>Ukraina tunnistas esmasp\u00e4eval Iraani islami revolutsioonilise kaardiv\u00e4e (IRGC) terroriorganisatsiooniks ega unusta \u00fchtegi tuhandetest Iraani p\u00e4ritolu droonidest, mida on kasutatud Ukraina linnade ja k\u00fclade r\u00fcndamiseks.<\/p>\n<p>&#8220;Euroopa Liit otsustas Iraani revolutsioonikaardi liigitada terroriorganisatsiooniks. Euroopa menetlused on praegu k\u00e4imas. Meie Ukrainas oleme selle otsuse juba teinud ja selle organisatsiooni terroristlikuks kuulutanud. Meie jaoks on see teema suletud. K\u00f5ik terroristid maailmas v\u00e4\u00e4rivad samasugust kohtlemist ja hukkam\u00f5istu \u2013 keegi neist ei tohi v\u00f5ita,&#8221; toonitas Zelenski.<\/p>\n<p>Riigipea m\u00e4rkis, et Ukraina toetab rahvaid, kes hindavad vabadust ja on t\u00f5eliselt valmis selle eest v\u00f5itlema.<\/p>\n<p>President lisas, et kogu maailm n\u00e4eb, mis Iraanis toimub \u2013 kui palju on tapmisi ja kuidas Iraani re\u017eiim on investeerinud s\u00f5ja ja v\u00e4givalla levitamisse regioonis ja kogu maailmas.<\/p>\n<p>&#8220;Ukraina ei unusta \u00fchtegi neist Iraani toodetud tuhandetest droonidest, mis r\u00fcndavad meie linnu ja k\u00fclasid, meie inimesi,&#8221; lubas Zelenski.<\/p>\n","protected":false},"excerpt":{"rendered":"Ukraina tunnistas esmasp\u00e4eval Iraani islami revolutsioonilise kaardiv\u00e4e (IRGC) terroriorganisatsiooniks ega unusta \u00fchtegi tuhandetest Iraani p\u00e4ritolu droonidest, mida on&hellip;\n","protected":false},"author":2,"featured_media":99810,"comment_status":"","ping_status":"","sticky":false,"template":"","format":"standard","meta":{"footnotes":"","_share_on_mastodon":"0"},"categories":[80],"tags":[26,27,1274,37,33,35,34,36,31,32,21,1925,28,29,95,19,25,99,23,24,262,22,20,30,1268,92,93,94],"class_list":["post-99809","post","type-post","status-publish","format-standard","has-post-thumbnail","category-maailm","tag-breaking-news","tag-breakingnews","tag-droonid","tag-ee","tag-eesti","tag-eesti-keel","tag-estonia","tag-estonian","tag-featured-news","tag-featurednews","tag-headlines","tag-iraan","tag-latest-news","tag-latestnews","tag-maailm","tag-news","tag-populaarseimad-lood","tag-terrorism","tag-top-stories","tag-topstories","tag-ukraina","tag-uldised-uudised","tag-uudised","tag-viimased-uudised","tag-volodomor-zelenski","tag-world","tag-world-news","tag-worldnews"],"share_on_mastodon":{"url":"https:\/\/pubeurope.com\/@ee\/116006470536282808","error":""},"_links":{"self":[{"href":"https:\/\/www.europesays.com\/ee\/wp-json\/wp\/v2\/posts\/99809","targetHints":{"allow":["GET"]}}],"collection":[{"href":"https:\/\/www.europesays.com\/ee\/wp-json\/wp\/v2\/posts"}],"about":[{"href":"https:\/\/www.europesays.com\/ee\/wp-json\/wp\/v2\/types\/post"}],"author":[{"embeddable":true,"href":"https:\/\/www.europesays.com\/ee\/wp-json\/wp\/v2\/users\/2"}],"replies":[{"embeddable":true,"href":"https:\/\/www.europesays.com\/ee\/wp-json\/wp\/v2\/comments?post=99809"}],"version-history":[{"count":0,"href":"https:\/\/www.europesays.com\/ee\/wp-json\/wp\/v2\/posts\/99809\/revisions"}],"wp:featuredmedia":[{"embeddable":true,"href":"https:\/\/www.europesays.com\/ee\/wp-json\/wp\/v2\/media\/99810"}],"wp:attachment":[{"href":"https:\/\/www.europesays.com\/ee\/wp-json\/wp\/v2\/media?parent=99809"}],"wp:term":[{"taxonomy":"category","embeddable":true,"href":"https:\/\/www.europesays.com\/ee\/wp-json\/wp\/v2\/categories?post=99809"},{"taxonomy":"post_tag","embeddable":true,"href":"https:\/\/www.europesays.com\/ee\/wp-json\/wp\/v2\/tags?post=99809"}],"curies":[{"name":"wp","href":"https:\/\/api.w.org\/{rel}","templated":true}]}}