{"id":99853,"date":"2026-02-03T12:15:10","date_gmt":"2026-02-03T12:15:10","guid":{"rendered":"https:\/\/www.europesays.com\/ee\/99853\/"},"modified":"2026-02-03T12:15:10","modified_gmt":"2026-02-03T12:15:10","slug":"usa-sisejulgeolekuministeeriumi-tootajad-minneapolises-saavad-kehakaamerad","status":"publish","type":"post","link":"https:\/\/www.europesays.com\/ee\/99853\/","title":{"rendered":"USA sisejulgeolekuministeeriumi t\u00f6\u00f6tajad Minneapolises saavad kehakaamerad"},"content":{"rendered":"<p>\u201ePraegusest hetkest alates v\u00f5tame me kasutusele kehakaamerad igal Minneapolises v\u00e4ljas oleval korrakaitsjal,\u201c kirjutas Noem sotsiaalmeedias, vahendab CNN. \u201eEt rahastus on olemas, laiendatakse kehakaamera programmi \u00fcleriiklikuks. Me hangime kehakaamerad ja v\u00f5tame kasutusele kiirtesti DHS-i korrakaitsjate jaoks \u00fcle riigi.\u201c<\/p>\n<p>Teiste hulgas immigratsiooni- ja tolliteenistuse (<a rel=\"noopener nofollow\" target=\"_blank\" href=\"https:\/\/www.delfi.ee\/teema\/96871000\/ice\" tag-id=\"96871000\">ICE<\/a>) ja piirivalve agentidele on kehakaameraid juba ammu n\u00f5udnud nii USA presidendi <a rel=\"noopener nofollow\" target=\"_blank\" href=\"https:\/\/www.delfi.ee\/teema\/32758637\/donald-trump\" tag-id=\"32758637\">Donald Trumpi<\/a> immigratsioonioperatsioonide pooldajad kui ka vastased. DHS-i agendid on m\u00f5nikord pingelisi vastasseise oma telefoniga filminud. N\u00e4iteks tegi seda USA kodaniku <a rel=\"noopener nofollow\" target=\"_blank\" href=\"https:\/\/www.delfi.ee\/teema\/96882311\/renee-nicole-good\" tag-id=\"96882311\">Renee Nicole Goodi<\/a> maha lasknud korrakaitsja.<\/p>\n<p>P\u00e4rast seda, kui kaks agenti tulistasid surmavalt <a rel=\"noopener nofollow\" target=\"_blank\" href=\"https:\/\/www.delfi.ee\/teema\/96882599\/alex-pretti\" tag-id=\"96882599\">Alex Prettit<\/a>, hakati uurima enam kui 30 kehekaamera j\u00e4\u00e4dvustatud marejali sellest p\u00e4evast, et panna kild killu haaval kokku pilt s\u00fcndmustest enne Pretti surma.<\/p>\n<p>ICE-i ja piirivalve sisejuurdluse esialgsetel tulemustel tulistas ainult kaks agenti.<\/p>\n<p>Trump \u00fctles eile, et j\u00e4tab otsuse kehakaamerate kohta Noemi teha.<\/p>\n<p>Kuidas see lugu Sind end tundma pani? Saada <a href=\"https:\/\/www.delfi.ee\/artikkel\/120433600\/usa-sisejulgeolekuministeeriumi-tootajad-minneapolises-saavad-kehakaamerad\/kommentaarid\" class=\"article-body-bottom__comment article-body-bottom__comment--write button button--primary button--size-auto\" rel=\"nofollow noopener\" target=\"_blank\"> Kommenteeri <\/a><a href=\"https:\/\/www.delfi.ee\/artikkel\/120433600\/usa-sisejulgeolekuministeeriumi-tootajad-minneapolises-saavad-kehakaamerad\/kommentaarid\" class=\"article-body-bottom__comment article-body-bottom__comment--read button button--size-auto\" rel=\"nofollow noopener\" target=\"_blank\"> Loe kommentaare (3)<\/a><\/p>\n","protected":false},"excerpt":{"rendered":"\u201ePraegusest hetkest alates v\u00f5tame me kasutusele kehakaamerad igal Minneapolises v\u00e4ljas oleval korrakaitsjal,\u201c kirjutas Noem sotsiaalmeedias, vahendab CNN. \u201eEt&hellip;\n","protected":false},"author":2,"featured_media":99854,"comment_status":"","ping_status":"","sticky":false,"template":"","format":"standard","meta":{"footnotes":"","_share_on_mastodon":"0"},"categories":[5],"tags":[45511,26,27,324,37,33,35,34,36,31,32,21,3461,5093,28,29,9302,19,25,40539,23,24,22,325,20,30],"class_list":["post-99853","post","type-post","status-publish","format-standard","has-post-thumbnail","category-uldised-uudised","tag-alex-pretti","tag-breaking-news","tag-breakingnews","tag-donald-trump","tag-ee","tag-eesti","tag-eesti-keel","tag-estonia","tag-estonian","tag-featured-news","tag-featurednews","tag-headlines","tag-ice","tag-kristi-noem","tag-latest-news","tag-latestnews","tag-minneapolis","tag-news","tag-populaarseimad-lood","tag-renee-nicole-good","tag-top-stories","tag-topstories","tag-uldised-uudised","tag-usa","tag-uudised","tag-viimased-uudised"],"share_on_mastodon":{"url":"https:\/\/pubeurope.com\/@ee\/116006651341330634","error":""},"_links":{"self":[{"href":"https:\/\/www.europesays.com\/ee\/wp-json\/wp\/v2\/posts\/99853","targetHints":{"allow":["GET"]}}],"collection":[{"href":"https:\/\/www.europesays.com\/ee\/wp-json\/wp\/v2\/posts"}],"about":[{"href":"https:\/\/www.europesays.com\/ee\/wp-json\/wp\/v2\/types\/post"}],"author":[{"embeddable":true,"href":"https:\/\/www.europesays.com\/ee\/wp-json\/wp\/v2\/users\/2"}],"replies":[{"embeddable":true,"href":"https:\/\/www.europesays.com\/ee\/wp-json\/wp\/v2\/comments?post=99853"}],"version-history":[{"count":0,"href":"https:\/\/www.europesays.com\/ee\/wp-json\/wp\/v2\/posts\/99853\/revisions"}],"wp:featuredmedia":[{"embeddable":true,"href":"https:\/\/www.europesays.com\/ee\/wp-json\/wp\/v2\/media\/99854"}],"wp:attachment":[{"href":"https:\/\/www.europesays.com\/ee\/wp-json\/wp\/v2\/media?parent=99853"}],"wp:term":[{"taxonomy":"category","embeddable":true,"href":"https:\/\/www.europesays.com\/ee\/wp-json\/wp\/v2\/categories?post=99853"},{"taxonomy":"post_tag","embeddable":true,"href":"https:\/\/www.europesays.com\/ee\/wp-json\/wp\/v2\/tags?post=99853"}],"curies":[{"name":"wp","href":"https:\/\/api.w.org\/{rel}","templated":true}]}}