{"id":99877,"date":"2026-02-03T12:43:06","date_gmt":"2026-02-03T12:43:06","guid":{"rendered":"https:\/\/www.europesays.com\/ee\/99877\/"},"modified":"2026-02-03T12:43:06","modified_gmt":"2026-02-03T12:43:06","slug":"eesti-laulu-ankeet-uliana-eesti-laul","status":"publish","type":"post","link":"https:\/\/www.europesays.com\/ee\/99877\/","title":{"rendered":"Eesti Laulu ankeet. Uliana | Eesti Laul"},"content":{"rendered":"<p>ERR teeb l\u00e4heneva finaali tuules l\u00fchikesed intervjuud k\u00f5ikide Eesti Laulu finalistidega. Seekord teeme tutvust Ulianaga, kes andis juba 15-aastasena Ida-Ukraina piirkondades s\u00f5durite toetuseks heategevuskontserte.<\/p>\n<p>Mis on sinu viimase aja lemmiklugu v\u00f5i -album?<\/p>\n<p>Minu viimase aja lemmik on Raye lugu &#8220;Where Is My Husband?&#8221;. Raye t\u00f6\u00f6tab v\u00e4ga peenelt fraasimise ja k\u00f5ner\u00fctmiga, tema vokaal k\u00f5lab peaaegu nagu vestlus, kuid hoiab algusest l\u00f5puni pinget. Emotsioon ei kasva mitte l\u00e4bi valjemaks-ja-suuremaks-loogika, vaid n\u00fcansside kaudu: d\u00fcnaamika, artikulatsioon ja mitmeh\u00e4\u00e4lsus. Mulle on v\u00e4ga s\u00fcdamel\u00e4hedane, kuidas Raye \u00fchendab iroonia ja valu ning tugevuse ja hapruse.<\/p>\n<p>Mis eesootava finaali juures k\u00f5ige hirmutavam tundub v\u00f5i mille \u00fcle k\u00f5ige rohkem muretsed?<\/p>\n<p>Minu lugu on v\u00e4ga energiline ja tantsuline, seega muretsen sellep\u00e4rast, et laulmine ja liikumine oleksid \u00fchtviisi kindlad ja loomulikud. Samas tunnen praegu, et k\u00f5ik liigub omas r\u00fctmis ja usaldan protsessi.<\/p>\n<p>Milline on sinu l\u00e4bi aegade lemmik Eesti Laulu (v\u00f5i kunagise Eurolaulu) v\u00f5istluslugu?<\/p>\n<p>Eesti Laulu lugudest on mulle alati eriti s\u00fcgavalt m\u00f5junud Urban Symphony &#8220;R\u00e4ndajad&#8221;. Kammerlik, v\u00e4ga t\u00e4pse sisu-vormi tasakaaluga, igal detailil on t\u00e4hendus. Ukraina v\u00f5istluslugudest on minu jaoks eriti oluline Go_A &#8220;Shum&#8221;.<\/p>\n<p>Kelle enda konkurentidest Eurovisioonile saadaksid?<\/p>\n<p>Mina saadaksin Eurovisioonile Ollie. Tal on v\u00e4ga tugev lavaline energia ja kaasaegne k\u00f5la, mis on rahvusvahelisele publikule arusaadav. Ta on artist, kelle muusika t\u00f6\u00f6tab mitte ainult lokaalselt, vaid ka v\u00e4ljaspool Eestit.<\/p>\n<p>Milline on sinu esimene Eurovisiooniga seotud m\u00e4lestus?<\/p>\n<p>Esimesena meenub mulle Alexander Rybaki esitus lauluga &#8220;Fairytale&#8221;. Olin tol ajal 8-aastane ja see v\u00f5it j\u00e4ttis mulle v\u00e4ga s\u00fcgava mulje. Laul meeldis mulle nii v\u00e4ga, et \u00fcmisesin seda pidevalt ja isegi palusin emal ennast viiulitundi panna. Tol hetkel tegelesin aga juba v\u00e4ga intensiivselt muusikaga: m\u00e4ngisin klaverit, laulsin ja k\u00e4isin tantsimas. Seega viiuli\u00f5pe j\u00e4i tookord t\u00e4itumata unistuseks.<\/p>\n<p>Kas oled juba ette kujutanud Eurovisioonile p\u00e4\u00e4semist?<\/p>\n<p>Muidugi olen seda ette kujutanud. Minu jaoks t\u00e4hendab see eelk\u00f5ige suurt vastutust esindada Eestit v\u00e4\u00e4rikalt. Usun, et minu laul j\u00f5uaks finaali ja saaks ka hea koha, sest selle loo s\u00f5num on see, et ka keerulisel ajal j\u00e4tkavad rahvad maailmas \u00fcksteise toetamist, aitamist ja s\u00f5prust.<\/p>\n<p>Minu kujutluses on see esitus kui armastuskiri Eestile t\u00e4nu k\u00f5ige eest, mida see riik on mulle andnud. Siin olen saanud oma hariduse ja v\u00f5imaluse realiseeruda lauljana. Soovin n\u00e4idata maailmale, kui kaunis on Eesti kultuur, kui avar on selle s\u00fcda ning kui loomulikult saavad p\u00f5imuda kahe erineva, kuid sarnase saatusega kultuuri lood.<\/p>\n<p>Milline oli sinu esimene kohtumine parmupilliga?<\/p>\n<p>Minu esimene kokkupuude parmupilliga toimus Viljandis, parmupillim\u00e4ngu t\u00f6\u00f6toas. Ma ei olnud seda instrumenti varem kunagi m\u00e4nginud, kuid just see kohtumine sai l\u00e4htepunktiks loo &#8220;Rhythm of Nature&#8221; s\u00fcnnile.<\/p>\n<p>Milline on olnud sinu senini laulja- ja muusikukarj\u00e4\u00e4r?<\/p>\n<p>Lapsep\u00f5lves olin v\u00e4ga aktiivne, osalesin paljudel konkurssidel nii laulja kui ka pianistina, mis andis mulle hindamatu kogemuse. Teismeeas osalesin telesaates &#8220;The Voice&#8221;, kus j\u00f5udsin lahingvoorudeni, n\u00e4gin suure teleprojekti telgitaguseid, osalesin muusikavideos ja esinesin koos \u00fche Ukraina tuntuma laulja Tina Karoliga, kes on samuti Ukrainat Eurovisioonil esindanud.<\/p>\n<p>V\u00e4ga oluline etapp oli ka festival &#8220;Chervona Ruta&#8221;, kus p\u00e4lvisin teise preemia ning sain esineda Ukraina suurimate orkestritega, laulda unustatud Ukraina muusikat ja aidata kaasa kultuuri taaselustamisele. Just sel perioodil hakkasin ka ise aktiivselt muusikat v\u00e4lja andma.<\/p>\n<p>Kui s\u00f5jategevus Ida-Ukrainas juba k\u00e4is, kirjutasin kaks enda jaoks v\u00e4ga olulist s\u00f5javastast laulu. Nendega v\u00f5itsin &#8220;Chervona Ruta&#8221; festivali, mille finaal toimus Mariupolis. 2016. aastal, olles vaid 15-aastane, k\u00e4isin Ida-Ukrainas nn kuumades piirkondades heategevuskontsertidega, et toetada s\u00f5dureid. See periood kujundas mind inimesena v\u00e4ga tugevalt.<\/p>\n<p>2018. aastal kolisin Eestisse, et saada kvaliteetne muusikaharidus. T\u00e4naseks on mul kolm diplomit, sealhulgas magistrikraad jazz-laulmises. Minu \u00f5petajateks on olnud Eesti parimad jazz-muusikud ning tunnen uhkust, et olen nende \u00f5pilane.<\/p>\n<p>Praegu tunnen, et minu elus on algamas uus peat\u00fckk koos osalemisega Eesti Laulul ja olen v\u00e4ga p\u00f5nevil, mida see etapp mulle veel toob.<\/p>\n","protected":false},"excerpt":{"rendered":"ERR teeb l\u00e4heneva finaali tuules l\u00fchikesed intervjuud k\u00f5ikide Eesti Laulu finalistidega. Seekord teeme tutvust Ulianaga, kes andis juba&hellip;\n","protected":false},"author":2,"featured_media":99878,"comment_status":"","ping_status":"","sticky":false,"template":"","format":"standard","meta":{"footnotes":"","_share_on_mastodon":"0"},"categories":[16],"tags":[37,33,35,1478,1509,173,34,36,140,48059],"class_list":["post-99877","post","type-post","status-publish","format-standard","has-post-thumbnail","category-meelelahutus","tag-ee","tag-eesti","tag-eesti-keel","tag-eesti-laul","tag-eesti-laul-2026","tag-entertainment","tag-estonia","tag-estonian","tag-meelelahutus","tag-uliana"],"share_on_mastodon":{"url":"https:\/\/pubeurope.com\/@ee\/116006761531307626","error":""},"_links":{"self":[{"href":"https:\/\/www.europesays.com\/ee\/wp-json\/wp\/v2\/posts\/99877","targetHints":{"allow":["GET"]}}],"collection":[{"href":"https:\/\/www.europesays.com\/ee\/wp-json\/wp\/v2\/posts"}],"about":[{"href":"https:\/\/www.europesays.com\/ee\/wp-json\/wp\/v2\/types\/post"}],"author":[{"embeddable":true,"href":"https:\/\/www.europesays.com\/ee\/wp-json\/wp\/v2\/users\/2"}],"replies":[{"embeddable":true,"href":"https:\/\/www.europesays.com\/ee\/wp-json\/wp\/v2\/comments?post=99877"}],"version-history":[{"count":0,"href":"https:\/\/www.europesays.com\/ee\/wp-json\/wp\/v2\/posts\/99877\/revisions"}],"wp:featuredmedia":[{"embeddable":true,"href":"https:\/\/www.europesays.com\/ee\/wp-json\/wp\/v2\/media\/99878"}],"wp:attachment":[{"href":"https:\/\/www.europesays.com\/ee\/wp-json\/wp\/v2\/media?parent=99877"}],"wp:term":[{"taxonomy":"category","embeddable":true,"href":"https:\/\/www.europesays.com\/ee\/wp-json\/wp\/v2\/categories?post=99877"},{"taxonomy":"post_tag","embeddable":true,"href":"https:\/\/www.europesays.com\/ee\/wp-json\/wp\/v2\/tags?post=99877"}],"curies":[{"name":"wp","href":"https:\/\/api.w.org\/{rel}","templated":true}]}}