{"id":99982,"date":"2026-02-03T14:33:06","date_gmt":"2026-02-03T14:33:06","guid":{"rendered":"https:\/\/www.europesays.com\/ee\/99982\/"},"modified":"2026-02-03T14:33:06","modified_gmt":"2026-02-03T14:33:06","slug":"propeller-esineb-esimest-korda-estonia-kontserdisaalis-muusika","status":"publish","type":"post","link":"https:\/\/www.europesays.com\/ee\/99982\/","title":{"rendered":"Propeller esineb esimest korda Estonia kontserdisaalis | Muusika"},"content":{"rendered":"<p>21. mail Estonia kontserdisaalis Kultuuripartnerluse SA kuuendat tegevusaastat m\u00e4rkiva kontserdi\u00f5htu peaesineja on ansambel Propeller, kes astub Estonia laval \u00fcles esmakordselt.<\/p>\n<p>Kahest poolest koosnevasse \u00f5htusse mahub nii klassikat kui punki, kuid ainus esineja, kelle korraldajad enne \u00f5htut on n\u00f5us v\u00e4lja \u00fctlema, on Propeller. Kultuuripartnerluse Sihtasutuse juhataja Meelis Kubitsa s\u00f5nul on tegemist s\u00fcndmusega, mis kannab k\u00f5iki peamisi sihtasutuse fookusega seotud s\u00f5numeid: kultuuridiplomaatiat, m\u00e4rkamise kultuuri edendamist ja noorte muusikute toetamist, samas ei saa v\u00e4listada ka poliitikasse sekkumist.<\/p>\n<p>&#8220;\u00dche v\u00f5imaluse kohaselt valitakse riigi v\u00e4\u00e4rikaimas kontserdimajas m\u00f5ned kuud hiljem taas presidenti ja iseenesest m\u00f5ista soovivad v\u00fcrst Peeter Volkonski ja tema kolleegid ansamblist Propeller selle paiga p\u00f5hjalikult \u00fcle vaadata, seda enam, et senise neljak\u00fcmne kuue tegevusaasta jooksul ei ole neil sellesse saali \u00fchises koosseisus asja olnud,&#8221; \u00fctles Kubits.<\/p>\n<p>Propeller tuleb 21. mai \u00f5htul lavale koosseisus Peeter Volkonski,\u00a0Peeter Malkov,\u00a0Peeter M\u00e4\u00e4rits,\u00a0Priit Kuulberg,\u00a0Ain Varts\u00a0ja\u00a0Aneta Varts.<\/p>\n","protected":false},"excerpt":{"rendered":"21. mail Estonia kontserdisaalis Kultuuripartnerluse SA kuuendat tegevusaastat m\u00e4rkiva kontserdi\u00f5htu peaesineja on ansambel Propeller, kes astub Estonia laval&hellip;\n","protected":false},"author":2,"featured_media":99983,"comment_status":"","ping_status":"","sticky":false,"template":"","format":"standard","meta":{"footnotes":"","_share_on_mastodon":"0"},"categories":[16],"tags":[37,33,35,173,34,36,140,38777],"class_list":["post-99982","post","type-post","status-publish","format-standard","has-post-thumbnail","category-meelelahutus","tag-ee","tag-eesti","tag-eesti-keel","tag-entertainment","tag-estonia","tag-estonian","tag-meelelahutus","tag-propeller"],"share_on_mastodon":{"url":"https:\/\/pubeurope.com\/@ee\/116007194048415798","error":""},"_links":{"self":[{"href":"https:\/\/www.europesays.com\/ee\/wp-json\/wp\/v2\/posts\/99982","targetHints":{"allow":["GET"]}}],"collection":[{"href":"https:\/\/www.europesays.com\/ee\/wp-json\/wp\/v2\/posts"}],"about":[{"href":"https:\/\/www.europesays.com\/ee\/wp-json\/wp\/v2\/types\/post"}],"author":[{"embeddable":true,"href":"https:\/\/www.europesays.com\/ee\/wp-json\/wp\/v2\/users\/2"}],"replies":[{"embeddable":true,"href":"https:\/\/www.europesays.com\/ee\/wp-json\/wp\/v2\/comments?post=99982"}],"version-history":[{"count":0,"href":"https:\/\/www.europesays.com\/ee\/wp-json\/wp\/v2\/posts\/99982\/revisions"}],"wp:featuredmedia":[{"embeddable":true,"href":"https:\/\/www.europesays.com\/ee\/wp-json\/wp\/v2\/media\/99983"}],"wp:attachment":[{"href":"https:\/\/www.europesays.com\/ee\/wp-json\/wp\/v2\/media?parent=99982"}],"wp:term":[{"taxonomy":"category","embeddable":true,"href":"https:\/\/www.europesays.com\/ee\/wp-json\/wp\/v2\/categories?post=99982"},{"taxonomy":"post_tag","embeddable":true,"href":"https:\/\/www.europesays.com\/ee\/wp-json\/wp\/v2\/tags?post=99982"}],"curies":[{"name":"wp","href":"https:\/\/api.w.org\/{rel}","templated":true}]}}