{"id":99994,"date":"2026-02-03T14:47:06","date_gmt":"2026-02-03T14:47:06","guid":{"rendered":"https:\/\/www.europesays.com\/ee\/99994\/"},"modified":"2026-02-03T14:47:06","modified_gmt":"2026-02-03T14:47:06","slug":"eesti-tahab-keelata-venelaste-ja-valgevenelaste-kinnisvaratehingud-on-loogiline-et-neil-ei-tohiks-olla-oigust-siin-kinnisvara-osta","status":"publish","type":"post","link":"https:\/\/www.europesays.com\/ee\/99994\/","title":{"rendered":"Eesti tahab keelata venelaste ja valgevenelaste kinnisvaratehingud. \u201eOn loogiline, et neil ei tohiks olla \u00f5igust siin kinnisvara osta\u201c"},"content":{"rendered":"<p>Leedu: keeld 2023. aastast, aga ainult Venemaa kodanikele<\/p>\n<p>Esimese Balti riigina kehtestas piirangud Leedu. 2023. aasta mais v\u00f5ttis Vilnius vastu erireeglid, mille eesm\u00e4rk on kaitsta riiklikku julgeolekut Venemaa s\u00f5jalise agressiooni taustal Ukraina vastu. Nende meetmete kohaselt v\u00f5ivad Venemaa kodanikud osta maad ja eluaset ainult siis, kui neil on Leedus alaline elamisluba. Piirangute karmistamise ajendiks olid statistikaandmed, mille j\u00e4rgi kasvas mitme aasta jooksul m\u00e4rgatavalt venelaste ja valgevenelaste osalusel tehtud tehingute arv. Kui 2018. aastal s\u00f5lmisid venelased ligikaudu 530 ja valgevenelased 213 tehingut, siis 2021. aastaks kasvasid need n\u00e4itajad vastavalt peaaegu 800 ja 400-ni.<\/p>\n<p>Oled juba tellija?Logi sisse<\/p>\n<p><a href=\"https:\/\/arileht.delfi.ee\/artikkel\/120433636\/eesti-valmistub-keelustama-venelaste-ja-valgevenelaste-kinnisvaratehinguid-on-loogiline-et-neil-ei-tohiks-olla-oigust-siin-kinnisvara-osta\/kommentaarid\" class=\"article-body-bottom__comment article-body-bottom__comment--write button button--primary button--size-auto\" rel=\"nofollow noopener\" target=\"_blank\"> Kommenteeri <\/a><a href=\"https:\/\/arileht.delfi.ee\/artikkel\/120433636\/eesti-valmistub-keelustama-venelaste-ja-valgevenelaste-kinnisvaratehinguid-on-loogiline-et-neil-ei-tohiks-olla-oigust-siin-kinnisvara-osta\/kommentaarid\" class=\"article-body-bottom__comment article-body-bottom__comment--read button button--size-auto\" rel=\"nofollow noopener\" target=\"_blank\"> Loe kommentaare (21)<\/a><\/p>\n","protected":false},"excerpt":{"rendered":"Leedu: keeld 2023. aastast, aga ainult Venemaa kodanikele Esimese Balti riigina kehtestas piirangud Leedu. 2023. aasta mais v\u00f5ttis&hellip;\n","protected":false},"author":2,"featured_media":99995,"comment_status":"","ping_status":"","sticky":false,"template":"","format":"standard","meta":{"footnotes":"","_share_on_mastodon":"0"},"categories":[80],"tags":[26,27,37,33,35,34,36,31,32,21,614,498,691,28,29,95,19,59,25,23,24,22,20,2170,96,30,92,93,94],"class_list":["post-99994","post","type-post","status-publish","format-standard","has-post-thumbnail","category-maailm","tag-breaking-news","tag-breakingnews","tag-ee","tag-eesti","tag-eesti-keel","tag-estonia","tag-estonian","tag-featured-news","tag-featurednews","tag-headlines","tag-igor-taro","tag-julgeolek","tag-kinnisvara","tag-latest-news","tag-latestnews","tag-maailm","tag-news","tag-piirangud","tag-populaarseimad-lood","tag-top-stories","tag-topstories","tag-uldised-uudised","tag-uudised","tag-valgevene","tag-venemaa","tag-viimased-uudised","tag-world","tag-world-news","tag-worldnews"],"share_on_mastodon":{"url":"https:\/\/pubeurope.com\/@ee\/116007249092246612","error":""},"_links":{"self":[{"href":"https:\/\/www.europesays.com\/ee\/wp-json\/wp\/v2\/posts\/99994","targetHints":{"allow":["GET"]}}],"collection":[{"href":"https:\/\/www.europesays.com\/ee\/wp-json\/wp\/v2\/posts"}],"about":[{"href":"https:\/\/www.europesays.com\/ee\/wp-json\/wp\/v2\/types\/post"}],"author":[{"embeddable":true,"href":"https:\/\/www.europesays.com\/ee\/wp-json\/wp\/v2\/users\/2"}],"replies":[{"embeddable":true,"href":"https:\/\/www.europesays.com\/ee\/wp-json\/wp\/v2\/comments?post=99994"}],"version-history":[{"count":0,"href":"https:\/\/www.europesays.com\/ee\/wp-json\/wp\/v2\/posts\/99994\/revisions"}],"wp:featuredmedia":[{"embeddable":true,"href":"https:\/\/www.europesays.com\/ee\/wp-json\/wp\/v2\/media\/99995"}],"wp:attachment":[{"href":"https:\/\/www.europesays.com\/ee\/wp-json\/wp\/v2\/media?parent=99994"}],"wp:term":[{"taxonomy":"category","embeddable":true,"href":"https:\/\/www.europesays.com\/ee\/wp-json\/wp\/v2\/categories?post=99994"},{"taxonomy":"post_tag","embeddable":true,"href":"https:\/\/www.europesays.com\/ee\/wp-json\/wp\/v2\/tags?post=99994"}],"curies":[{"name":"wp","href":"https:\/\/api.w.org\/{rel}","templated":true}]}}