{"id":11698,"count":1,"description":"","link":"https:\/\/www.europesays.com\/ee\/tag\/tooandja-huve\/","name":"t\u00f6\u00f6andja h\u00fcve","slug":"tooandja-huve","taxonomy":"post_tag","meta":[],"_links":{"self":[{"href":"https:\/\/www.europesays.com\/ee\/wp-json\/wp\/v2\/tags\/11698","targetHints":{"allow":["GET"]}}],"collection":[{"href":"https:\/\/www.europesays.com\/ee\/wp-json\/wp\/v2\/tags"}],"about":[{"href":"https:\/\/www.europesays.com\/ee\/wp-json\/wp\/v2\/taxonomies\/post_tag"}],"wp:post_type":[{"href":"https:\/\/www.europesays.com\/ee\/wp-json\/wp\/v2\/posts?tags=11698"}],"curies":[{"name":"wp","href":"https:\/\/api.w.org\/{rel}","templated":true}]}}