{"id":14671,"count":1,"description":"","link":"https:\/\/www.europesays.com\/ee\/tag\/eesti-meistrivoistlused-iluvoimlemise-ruhmkavades\/","name":"eesti meistriv\u00f5istlused iluv\u00f5imlemise r\u00fchmkavades","slug":"eesti-meistrivoistlused-iluvoimlemise-ruhmkavades","taxonomy":"post_tag","meta":[],"_links":{"self":[{"href":"https:\/\/www.europesays.com\/ee\/wp-json\/wp\/v2\/tags\/14671","targetHints":{"allow":["GET"]}}],"collection":[{"href":"https:\/\/www.europesays.com\/ee\/wp-json\/wp\/v2\/tags"}],"about":[{"href":"https:\/\/www.europesays.com\/ee\/wp-json\/wp\/v2\/taxonomies\/post_tag"}],"wp:post_type":[{"href":"https:\/\/www.europesays.com\/ee\/wp-json\/wp\/v2\/posts?tags=14671"}],"curies":[{"name":"wp","href":"https:\/\/api.w.org\/{rel}","templated":true}]}}