{"id":16613,"count":2,"description":"","link":"https:\/\/www.europesays.com\/ee\/tag\/pohikooli-ja-gumnaasiumi-riiklik-oppekava\/","name":"p\u00f5hikooli ja g\u00fcmnaasiumi riiklik \u00f5ppekava","slug":"pohikooli-ja-gumnaasiumi-riiklik-oppekava","taxonomy":"post_tag","meta":[],"_links":{"self":[{"href":"https:\/\/www.europesays.com\/ee\/wp-json\/wp\/v2\/tags\/16613","targetHints":{"allow":["GET"]}}],"collection":[{"href":"https:\/\/www.europesays.com\/ee\/wp-json\/wp\/v2\/tags"}],"about":[{"href":"https:\/\/www.europesays.com\/ee\/wp-json\/wp\/v2\/taxonomies\/post_tag"}],"wp:post_type":[{"href":"https:\/\/www.europesays.com\/ee\/wp-json\/wp\/v2\/posts?tags=16613"}],"curies":[{"name":"wp","href":"https:\/\/api.w.org\/{rel}","templated":true}]}}