{"id":22510,"count":1,"description":"","link":"https:\/\/www.europesays.com\/ee\/tag\/nuud-sa-naed-mind-nuud-enam-mitte\/","name":"n\u00fc\u00fcd sa n\u00e4ed mind. n\u00fc\u00fcd enam mitte","slug":"nuud-sa-naed-mind-nuud-enam-mitte","taxonomy":"post_tag","meta":[],"_links":{"self":[{"href":"https:\/\/www.europesays.com\/ee\/wp-json\/wp\/v2\/tags\/22510","targetHints":{"allow":["GET"]}}],"collection":[{"href":"https:\/\/www.europesays.com\/ee\/wp-json\/wp\/v2\/tags"}],"about":[{"href":"https:\/\/www.europesays.com\/ee\/wp-json\/wp\/v2\/taxonomies\/post_tag"}],"wp:post_type":[{"href":"https:\/\/www.europesays.com\/ee\/wp-json\/wp\/v2\/posts?tags=22510"}],"curies":[{"name":"wp","href":"https:\/\/api.w.org\/{rel}","templated":true}]}}