{"id":29916,"count":1,"description":"","link":"https:\/\/www.europesays.com\/ee\/tag\/saaremaa-tuletorje-ja-paasteuhing\/","name":"saaremaa tulet\u00f5rje- ja p\u00e4\u00e4ste\u00fching","slug":"saaremaa-tuletorje-ja-paasteuhing","taxonomy":"post_tag","meta":[],"_links":{"self":[{"href":"https:\/\/www.europesays.com\/ee\/wp-json\/wp\/v2\/tags\/29916","targetHints":{"allow":["GET"]}}],"collection":[{"href":"https:\/\/www.europesays.com\/ee\/wp-json\/wp\/v2\/tags"}],"about":[{"href":"https:\/\/www.europesays.com\/ee\/wp-json\/wp\/v2\/taxonomies\/post_tag"}],"wp:post_type":[{"href":"https:\/\/www.europesays.com\/ee\/wp-json\/wp\/v2\/posts?tags=29916"}],"curies":[{"name":"wp","href":"https:\/\/api.w.org\/{rel}","templated":true}]}}