{"id":30722,"count":1,"description":"","link":"https:\/\/www.europesays.com\/ee\/tag\/laanelik-vaartusruum\/","name":"l\u00e4\u00e4nelik v\u00e4\u00e4rtusruum","slug":"laanelik-vaartusruum","taxonomy":"post_tag","meta":[],"_links":{"self":[{"href":"https:\/\/www.europesays.com\/ee\/wp-json\/wp\/v2\/tags\/30722","targetHints":{"allow":["GET"]}}],"collection":[{"href":"https:\/\/www.europesays.com\/ee\/wp-json\/wp\/v2\/tags"}],"about":[{"href":"https:\/\/www.europesays.com\/ee\/wp-json\/wp\/v2\/taxonomies\/post_tag"}],"wp:post_type":[{"href":"https:\/\/www.europesays.com\/ee\/wp-json\/wp\/v2\/posts?tags=30722"}],"curies":[{"name":"wp","href":"https:\/\/api.w.org\/{rel}","templated":true}]}}