{"id":33935,"count":1,"description":"","link":"https:\/\/www.europesays.com\/ee\/tag\/lohna-kuunal\/","name":"l\u00f5hna k\u00fc\u00fcnal","slug":"lohna-kuunal","taxonomy":"post_tag","meta":[],"_links":{"self":[{"href":"https:\/\/www.europesays.com\/ee\/wp-json\/wp\/v2\/tags\/33935","targetHints":{"allow":["GET"]}}],"collection":[{"href":"https:\/\/www.europesays.com\/ee\/wp-json\/wp\/v2\/tags"}],"about":[{"href":"https:\/\/www.europesays.com\/ee\/wp-json\/wp\/v2\/taxonomies\/post_tag"}],"wp:post_type":[{"href":"https:\/\/www.europesays.com\/ee\/wp-json\/wp\/v2\/posts?tags=33935"}],"curies":[{"name":"wp","href":"https:\/\/api.w.org\/{rel}","templated":true}]}}