{"id":100031,"date":"2025-09-07T20:22:09","date_gmt":"2025-09-07T20:22:09","guid":{"rendered":"https:\/\/www.europesays.com\/es\/100031\/"},"modified":"2025-09-07T20:22:09","modified_gmt":"2025-09-07T20:22:09","slug":"francia-esta-entrando-nuevamente-en-modo-de-crisis-no-tenia-que-ser-asi","status":"publish","type":"post","link":"https:\/\/www.europesays.com\/es\/100031\/","title":{"rendered":"Francia est\u00e1 entrando nuevamente en modo de crisis. No ten\u00eda que ser as\u00ed"},"content":{"rendered":"<p>      Par\u00eds<br \/>\n      CNN<br \/>\n        \u00a0\u2014\u00a0<\/p>\n<p class=\"paragraph inline-placeholder vossi-paragraph\" data-uri=\"es.cms.cnn.com\/_components\/paragraph\/instances\/cmf9yr02v00cd26qbhojm7plv@published\" data-editable=\"text\" data-component-name=\"paragraph\" data-article-gutter=\"true\">\n            Fue una pregunta formulada c\u00e9lebremente por el l\u00edder en tiempos de guerra de Francia y expresidente Charles de Gaulle. \u201c\u00bfC\u00f3mo puede alguien gobernar un pa\u00eds con 246 variedades de queso?\u201d. M\u00e1s de 60 a\u00f1os despu\u00e9s, la respuesta parece ser nadie.\n    <\/p>\n<p class=\"paragraph inline-placeholder vossi-paragraph\" data-uri=\"es.cms.cnn.com\/_components\/paragraph\/instances\/cmf9z3za6000d3j6or2vcbnqj@published\" data-editable=\"text\" data-component-name=\"paragraph\" data-article-gutter=\"true\">\n            Con otro Gobierno al borde del colapso, parece que Francia se ha vuelto ingobernable. El lunes, Fran\u00e7ois Bayrou, con menos de un a\u00f1o en el cargo, parece estar a punto de convertirse en el cuarto primer ministro en abandonar el puesto en apenas 20 meses. Su destino ahora depende de una votaci\u00f3n de confianza en el Parlamento que, si se pierde, consolidar\u00eda un r\u00e9cord bajo la Quinta Rep\u00fablica y dejar\u00eda al presidente del pa\u00eds, Emmanuel Macron, m\u00e1s debilitado que nunca.\n    <\/p>\n<p class=\"paragraph inline-placeholder vossi-paragraph\" data-uri=\"es.cms.cnn.com\/_components\/paragraph\/instances\/cmf9z4n68000i3j6ou3o3ojr9@published\" data-editable=\"text\" data-component-name=\"paragraph\" data-article-gutter=\"true\">\n            Bayrou convoc\u00f3 la votaci\u00f3n en un intento de sacar adelante un impopular plan de ahorro de 44.000 millones de euros (unos US$ 51.500 millones) que incluye eliminar dos festivos y congelar el gasto. Dice que es una cuesti\u00f3n de \u201csupervivencia nacional\u201d, advirtiendo que Francia debe controlar su creciente deuda, ya que \u201cdurante 20 a\u00f1os, cada hora de cada d\u00eda y cada noche ha visto crecer la deuda en 12 millones de euros extra\u201d.\n    <\/p>\n<p class=\"paragraph inline-placeholder vossi-paragraph\" data-uri=\"es.cms.cnn.com\/_components\/paragraph\/instances\/cmf9z4n68000j3j6on3mfenfe@published\" data-editable=\"text\" data-component-name=\"paragraph\" data-article-gutter=\"true\">\n            Estas pueden ser palabras alarmistas dise\u00f1adas para impulsar a las conflictivas clases pol\u00edticas del pa\u00eds a tomar medidas urgentes, aunque la reforma presupuestaria fue precisamente lo que le cost\u00f3 el puesto a su predecesor, Michel Barnier. El principal negociador de la Uni\u00f3n Europea, quien mantuvo unido al bloque tras el tortuoso voto del Reino Unido para abandonar la Uni\u00f3n Europea, en 2016, dur\u00f3 solo tres meses como primer ministro, sin lograr escalar esa monta\u00f1a mucho m\u00e1s empinada de conseguir que los franceses aceptaran recortes de gastos significativos.\n    <\/p>\n<p class=\"paragraph inline-placeholder vossi-paragraph\" data-uri=\"es.cms.cnn.com\/_components\/paragraph\/instances\/cmf9z4n68000k3j6otr8adqmf@published\" data-editable=\"text\" data-component-name=\"paragraph\" data-article-gutter=\"true\">\n            Con Francia hundi\u00e9ndose m\u00e1s profundamente en la inestabilidad pol\u00edtica, sus costes de endeudamiento est\u00e1n aumentando. Los rendimientos de los bonos a diez a\u00f1os han superado los de Espa\u00f1a, Portugal y Grecia \u2014pa\u00edses que una vez estuvieron en el coraz\u00f3n de la crisis de deuda de la Eurozona\u2014 y ahora se est\u00e1n acercando a los de Italia. Una econom\u00eda sometida a una tensi\u00f3n creciente y en desacuerdo con la imagen de potencia europea que Macron ha intentado proyectar.\n    <\/p>\n<p class=\"paragraph inline-placeholder vossi-paragraph\" data-uri=\"es.cms.cnn.com\/_components\/paragraph\/instances\/cmf9z31jr00093j6otq1e3nz0@published\" data-editable=\"text\" data-component-name=\"paragraph\" data-article-gutter=\"true\">\n            Y sin embargo, la actual inestabilidad puede rastrearse hasta la dram\u00e1tica decisi\u00f3n de Macron de convocar elecciones anticipadas, el a\u00f1o pasado. Picado por los notables resultados de la ultraderechista Agrupaci\u00f3n Nacional en las elecciones europeas de mayo de 2024, el presidente franc\u00e9s forz\u00f3 una votaci\u00f3n parlamentaria en la que su propio partido perdi\u00f3 esca\u00f1os ante la ultraderecha y la ultraizquierda, dejando a Francia con una Asamblea dividida.\n    <\/p>\n<p class=\"paragraph inline-placeholder vossi-paragraph\" data-uri=\"es.cms.cnn.com\/_components\/paragraph\/instances\/cmf9zk3o6000r3j6oj0v3n2ss@published\" data-editable=\"text\" data-component-name=\"paragraph\" data-article-gutter=\"true\">\n            Pero no ten\u00eda por qu\u00e9 ser as\u00ed. La Quinta Rep\u00fablica, fundada por el presidente De Gaulle, en 1958, fue dise\u00f1ada para poner fin a la inestabilidad cr\u00f3nica que hab\u00eda aquejado a la Tercera y Cuarta Rep\u00fablicas de Francia, a principios del siglo XX. La nueva constituci\u00f3n otorg\u00f3 amplios poderes al Ejecutivo y estableci\u00f3 un sistema mayoritario para evitar gobiernos ef\u00edmeros. Como resultado, durante d\u00e9cadas, dos partidos principales, uno de izquierda y otro de derecha, alternaban en el poder.\n    <\/p>\n<p>       <img decoding=\"async\" src=\"https:\/\/www.europesays.com\/es\/wp-content\/uploads\/2025\/09\/bayrougettyimages-2231332877.jpg\" alt=\"El primer ministro de Francia, Francois Bayrou, habla durante una conferencia de prensa en Par\u00eds, el 25 de agosto de 2025.\" class=\"image__dam-img image__dam-img--loading\" onload=\"this.classList.remove('image__dam-img--loading')\" onerror=\"imageLoadError(this)\" height=\"583\" width=\"860\" loading=\"lazy\"\/><\/p>\n<p class=\"paragraph inline-placeholder vossi-paragraph\" data-uri=\"es.cms.cnn.com\/_components\/paragraph\/instances\/cmf9zk3o6000s3j6ow7b2qt4l@published\" data-editable=\"text\" data-component-name=\"paragraph\" data-article-gutter=\"true\">\n            Macron hizo estallar ese orden en 2017, al convertirse en el primer presidente elegido sin el respaldo de ninguno de los principales partidos pol\u00edticos establecidos. Reelegido en 2022, pronto perdi\u00f3 su mayor\u00eda parlamentaria cuando los votantes acudieron en masa a los extremos. Siguieron dos a\u00f1os de gobierno fr\u00e1gil, con Macron obligado repetidamente a invocar el art\u00edculo 49.3 de la Constituci\u00f3n, impulsando legislaci\u00f3n sin voto, para el creciente disgusto de los legisladores de la oposici\u00f3n y buena parte del p\u00fablico franc\u00e9s.\n    <\/p>\n<p class=\"paragraph inline-placeholder vossi-paragraph\" data-uri=\"es.cms.cnn.com\/_components\/paragraph\/instances\/cmf9zk3o6000t3j6oxmo6qa7i@published\" data-editable=\"text\" data-component-name=\"paragraph\" data-article-gutter=\"true\">\n            En las elecciones anticipadas de 2024, la izquierda obtuvo la mayor\u00eda de esca\u00f1os en la segunda vuelta, pero a\u00fan se qued\u00f3 corta de la mayor\u00eda absoluta tras el dominio de la ultraderecha en la primera. Pero sus esperanzas de formar un Gobierno minoritario colapsaron cuando Macron se neg\u00f3 a aceptar a su candidato para primer ministro. A diferencia de Alemania o Italia, Francia no tiene tradici\u00f3n de crear coaliciones; su pol\u00edtica ha estado marcada durante m\u00e1s de 60 a\u00f1os por un sistema dominado por la presidencia.\n    <\/p>\n<p class=\"paragraph inline-placeholder vossi-paragraph\" data-uri=\"es.cms.cnn.com\/_components\/paragraph\/instances\/cmf9zz03l00193j6oetesf547@published\" data-editable=\"text\" data-component-name=\"paragraph\" data-article-gutter=\"true\">\n            Si Bayrou cae, la presi\u00f3n sobre Macron para que renuncie se intensificar\u00e1, aunque \u00e9l ha prometido terminar su mandato. La figura de la ultraderecha, Marine Le Pen, exige que disuelva el Parlamento, pero nuevas elecciones casi con toda seguridad fortalecer\u00edan a su partido y fracturar\u00edan a\u00fan m\u00e1s el Parlamento. Otro camino ser\u00eda que Macron nombrara un Gobierno provisional mientras sopesa un sucesor, con el ministro de las Fuerzas Armadas, S\u00e9bastien Lecornu, y el ministro de Justicia, G\u00e9rald Darmanin, entre los principales candidatos para lo que probablemente ser\u00e1 un c\u00e1liz envenenado.\n    <\/p>\n<p class=\"paragraph inline-placeholder vossi-paragraph\" data-uri=\"es.cms.cnn.com\/_components\/paragraph\/instances\/cmf9zk3o6000v3j6ow2m1qijw@published\" data-editable=\"text\" data-component-name=\"paragraph\" data-article-gutter=\"true\">\n            El problema es que tras tres primeros ministros centristas fallidos, los partidos de la oposici\u00f3n no est\u00e1n dispuestos a dar otra oportunidad a uno m\u00e1s. Tanto la ultraderecha como la ultraizquierda han se\u00f1alado que pedir\u00edan de inmediato una moci\u00f3n de censura. Otra opci\u00f3n ser\u00eda nombrar a un primer ministro de otra familia pol\u00edtica, pero una elecci\u00f3n a la derecha ser\u00eda bloqueada por la izquierda y viceversa.\n    <\/p>\n<p class=\"paragraph inline-placeholder vossi-paragraph\" data-uri=\"es.cms.cnn.com\/_components\/paragraph\/instances\/cmf9zk3o6000w3j6oscf0wsja@published\" data-editable=\"text\" data-component-name=\"paragraph\" data-article-gutter=\"true\">\n            El clima pol\u00edtico es sombr\u00edo. En caso de nuevas elecciones parlamentarias anticipadas, una encuesta reciente de Elabe sugiere que Agrupaci\u00f3n Nacional saldr\u00eda vencedora, con la izquierda en segundo lugar y el centro en un distante tercer puesto.\n    <\/p>\n<p>       <img decoding=\"async\" src=\"https:\/\/www.europesays.com\/es\/wp-content\/uploads\/2025\/09\/degauellegettyimages-542248354.jpg\" alt=\"El presidente de Francia, Charles de Gaulle, visita Breta\u00f1a, en 1969.\" class=\"image__dam-img image__dam-img--loading\" onload=\"this.classList.remove('image__dam-img--loading')\" onerror=\"imageLoadError(this)\" height=\"573\" width=\"860\" loading=\"lazy\"\/><\/p>\n<p class=\"paragraph inline-placeholder vossi-paragraph\" data-uri=\"es.cms.cnn.com\/_components\/paragraph\/instances\/cmf9zhssc000p3j6o7q1vnz6u@published\" data-editable=\"text\" data-component-name=\"paragraph\" data-article-gutter=\"true\">\n            Muchos ahora asumen que la ultraderecha eventualmente tomar\u00e1 el poder, si no ahora, entonces en la pr\u00f3xima elecci\u00f3n presidencial, en 2027, pero con poca expectativa de que resuelva el malestar. La confianza p\u00fablica en la clase pol\u00edtica se ha derrumbado y la ira est\u00e1 lista para desbordarse en las calles el 10 de septiembre con protestas a nivel nacional bajo el lema Bloquons tout (\u201cBloqueemos todo\u201d).\n    <\/p>\n<p class=\"paragraph inline-placeholder vossi-paragraph\" data-uri=\"es.cms.cnn.com\/_components\/paragraph\/instances\/cmf9zro3500133j6oh312fyit@published\" data-editable=\"text\" data-component-name=\"paragraph\" data-article-gutter=\"true\">\n            Todo esto ocurre en el peor momento posible, con guerras intensific\u00e1ndose en Ucrania y en Medio Oriente. La inestabilidad en Par\u00eds es un regalo tanto para el presidente de Rusia, Vladimir Putin, como para su hom\u00f3logo estadounidense, Donald Trump, quienes comparten una alegr\u00eda com\u00fan al burlarse de las debilidades de Europa.\n    <\/p>\n<p class=\"paragraph inline-placeholder vossi-paragraph\" data-uri=\"es.cms.cnn.com\/_components\/paragraph\/instances\/cmf9zro3500143j6o21ui958e@published\" data-editable=\"text\" data-component-name=\"paragraph\" data-article-gutter=\"true\">\n            Dominique Mo\u00efsi, analista senior del grupo de expertos parisino Institut Montaigne, dice que no puede recordar un momento de estancamiento tan profundo en la Quinta Rep\u00fablica.\n    <\/p>\n<p class=\"paragraph inline-placeholder vossi-paragraph\" data-uri=\"es.cms.cnn.com\/_components\/paragraph\/instances\/cmf9zro3500153j6o2dwzc1q0@published\" data-editable=\"text\" data-component-name=\"paragraph\" data-article-gutter=\"true\">\n            \u201cDe Gaulle sobrevivi\u00f3 a intentos de asesinato, estaba la guerra de Argelia, en mayo del 68 el eslogan era \u2018la France s\u2019ennuie\u2019 (\u2018Francia se aburre\u2019). Pero hoy Francia est\u00e1 frustrada, furiosa, llena de odio hacia la \u00e9lite\u201d, dijo a CNN.\n    <\/p>\n<p class=\"paragraph inline-placeholder vossi-paragraph\" data-uri=\"es.cms.cnn.com\/_components\/paragraph\/instances\/cmf9zro3500163j6oeh54gjc7@published\" data-editable=\"text\" data-component-name=\"paragraph\" data-article-gutter=\"true\">\n            \u201cParece que un cambio de r\u00e9gimen es inevitable, pero no veo c\u00f3mo suceder\u00e1 ni qui\u00e9n se encargar\u00e1 del trabajo. Estamos en una fase de transici\u00f3n entre un sistema que ya no funciona y un sistema que nadie puede imaginar\u201d, destaca Mo\u00efsi.\n    <\/p>\n<p class=\"paragraph inline-placeholder vossi-paragraph\" data-uri=\"es.cms.cnn.com\/_components\/paragraph\/instances\/cmf9zro3500173j6ofys0fg20@published\" data-editable=\"text\" data-component-name=\"paragraph\" data-article-gutter=\"true\">\n            De Gaulle fue el presidente que, a pesar de sus murmullos sobre el queso, inaugur\u00f3 un per\u00edodo de relativa estabilidad. en 1958. en Francia con el inicio de la Quinta Rep\u00fablica. La pregunta ahora es si Macron ser\u00e1 el presidente que le ponga fin.\n    <\/p>\n","protected":false},"excerpt":{"rendered":"Par\u00eds CNN \u00a0\u2014\u00a0 Fue una pregunta formulada c\u00e9lebremente por el l\u00edder en tiempos de guerra de Francia y&hellip;\n","protected":false},"author":2,"featured_media":100032,"comment_status":"","ping_status":"","sticky":false,"template":"","format":"standard","meta":{"footnotes":""},"categories":[42],"tags":[17,18,4374,13,14,317,11,61,62,63,64,19,20,24564,9,10,15,16,12,21,22,4247,65,66,67],"class_list":{"0":"post-100031","1":"post","2":"type-post","3":"status-publish","4":"format-standard","5":"has-post-thumbnail","7":"category-internacional","8":"tag-breaking-news","9":"tag-breakingnews","10":"tag-elecciones","11":"tag-featured-news","12":"tag-featurednews","13":"tag-francia","14":"tag-headlines","15":"tag-internacional","16":"tag-international","17":"tag-international-news","18":"tag-internationalnews","19":"tag-latest-news","20":"tag-latestnews","21":"tag-macron","22":"tag-news","23":"tag-noticias","24":"tag-noticias-destacadas","25":"tag-noticiasdestacadas","26":"tag-titulares","27":"tag-ultimas-noticias","28":"tag-ultimasnoticias","29":"tag-ultraderecha","30":"tag-world","31":"tag-world-news","32":"tag-worldnews"},"share_on_mastodon":{"url":"","error":""},"_links":{"self":[{"href":"https:\/\/www.europesays.com\/es\/wp-json\/wp\/v2\/posts\/100031","targetHints":{"allow":["GET"]}}],"collection":[{"href":"https:\/\/www.europesays.com\/es\/wp-json\/wp\/v2\/posts"}],"about":[{"href":"https:\/\/www.europesays.com\/es\/wp-json\/wp\/v2\/types\/post"}],"author":[{"embeddable":true,"href":"https:\/\/www.europesays.com\/es\/wp-json\/wp\/v2\/users\/2"}],"replies":[{"embeddable":true,"href":"https:\/\/www.europesays.com\/es\/wp-json\/wp\/v2\/comments?post=100031"}],"version-history":[{"count":0,"href":"https:\/\/www.europesays.com\/es\/wp-json\/wp\/v2\/posts\/100031\/revisions"}],"wp:featuredmedia":[{"embeddable":true,"href":"https:\/\/www.europesays.com\/es\/wp-json\/wp\/v2\/media\/100032"}],"wp:attachment":[{"href":"https:\/\/www.europesays.com\/es\/wp-json\/wp\/v2\/media?parent=100031"}],"wp:term":[{"taxonomy":"category","embeddable":true,"href":"https:\/\/www.europesays.com\/es\/wp-json\/wp\/v2\/categories?post=100031"},{"taxonomy":"post_tag","embeddable":true,"href":"https:\/\/www.europesays.com\/es\/wp-json\/wp\/v2\/tags?post=100031"}],"curies":[{"name":"wp","href":"https:\/\/api.w.org\/{rel}","templated":true}]}}