{"id":100037,"date":"2025-09-07T20:25:07","date_gmt":"2025-09-07T20:25:07","guid":{"rendered":"https:\/\/www.europesays.com\/es\/100037\/"},"modified":"2025-09-07T20:25:07","modified_gmt":"2025-09-07T20:25:07","slug":"el-oar-vence-al-culleredo-a-una-semana-del-debut-en-division-de-honor-plata","status":"publish","type":"post","link":"https:\/\/www.europesays.com\/es\/100037\/","title":{"rendered":"El OAR vence al Culleredo a una semana del debut en Divisi\u00f3n de Honor Plata"},"content":{"rendered":"<p class=\"ft-text\">El Attica 21 Hotels OAR Coru\u00f1a super\u00f3 este s\u00e1bado al Balonm\u00e1n Culleredo (22-29) en Tarr\u00edo en un duelo que supuso el primer triunfo del conjunto coru\u00f1\u00e9s en esta pretemporada. El equipo de Nando Gonz\u00e1lez aprovech\u00f3 para continuar su puesta a punto a apenas una semana de su estreno en Divisi\u00f3n de Honor Plata. El pr\u00f3ximo s\u00e1bado, d\u00eda 13, debuta en liga en la pista del Cisne.<\/p>\n<p><a id=\"comments\" name=\"comments\" title=\"\" class=\"ft-anchor ft-anchor--absolute ft-helper-spacer-voffset-xlg\" rel=\"\"><\/a><\/p>\n","protected":false},"excerpt":{"rendered":"El Attica 21 Hotels OAR Coru\u00f1a super\u00f3 este s\u00e1bado al Balonm\u00e1n Culleredo (22-29) en Tarr\u00edo en un duelo&hellip;\n","protected":false},"author":2,"featured_media":91390,"comment_status":"","ping_status":"","sticky":false,"template":"","format":"standard","meta":{"footnotes":""},"categories":[278],"tags":[376,35504,34437,5437,168,25,24,375,5967,5972,773,23,167,5146],"class_list":{"0":"post-100037","1":"post","2":"type-post","3":"status-publish","4":"format-standard","5":"has-post-thumbnail","7":"category-balonmano","8":"tag-balonmano","9":"tag-club-balonmano-culleredo","10":"tag-culleredo","11":"tag-debut","12":"tag-deportes","13":"tag-es","14":"tag-espana","15":"tag-handball","16":"tag-oar","17":"tag-oar-coruna","18":"tag-semana","19":"tag-spain","20":"tag-sports","21":"tag-vence"},"share_on_mastodon":{"url":"","error":""},"_links":{"self":[{"href":"https:\/\/www.europesays.com\/es\/wp-json\/wp\/v2\/posts\/100037","targetHints":{"allow":["GET"]}}],"collection":[{"href":"https:\/\/www.europesays.com\/es\/wp-json\/wp\/v2\/posts"}],"about":[{"href":"https:\/\/www.europesays.com\/es\/wp-json\/wp\/v2\/types\/post"}],"author":[{"embeddable":true,"href":"https:\/\/www.europesays.com\/es\/wp-json\/wp\/v2\/users\/2"}],"replies":[{"embeddable":true,"href":"https:\/\/www.europesays.com\/es\/wp-json\/wp\/v2\/comments?post=100037"}],"version-history":[{"count":0,"href":"https:\/\/www.europesays.com\/es\/wp-json\/wp\/v2\/posts\/100037\/revisions"}],"wp:featuredmedia":[{"embeddable":true,"href":"https:\/\/www.europesays.com\/es\/wp-json\/wp\/v2\/media\/91390"}],"wp:attachment":[{"href":"https:\/\/www.europesays.com\/es\/wp-json\/wp\/v2\/media?parent=100037"}],"wp:term":[{"taxonomy":"category","embeddable":true,"href":"https:\/\/www.europesays.com\/es\/wp-json\/wp\/v2\/categories?post=100037"},{"taxonomy":"post_tag","embeddable":true,"href":"https:\/\/www.europesays.com\/es\/wp-json\/wp\/v2\/tags?post=100037"}],"curies":[{"name":"wp","href":"https:\/\/api.w.org\/{rel}","templated":true}]}}