{"id":100038,"date":"2025-09-07T20:29:03","date_gmt":"2025-09-07T20:29:03","guid":{"rendered":"https:\/\/www.europesays.com\/es\/100038\/"},"modified":"2025-09-07T20:29:03","modified_gmt":"2025-09-07T20:29:03","slug":"el-us-open-pide-a-las-emisoras-evitar-las-reacciones-del-publico-ante-trump-durante-la-final-masculina","status":"publish","type":"post","link":"https:\/\/www.europesays.com\/es\/100038\/","title":{"rendered":"El US Open pide a las emisoras evitar las reacciones del p\u00fablico ante Trump durante la final masculina"},"content":{"rendered":"<p>      CNN<br \/>\n        \u00a0\u2014\u00a0<\/p>\n<p class=\"paragraph inline-placeholder vossi-paragraph\" data-uri=\"es.cms.cnn.com\/_components\/paragraph\/instances\/cmf9ze8gw00fx26p5fijr1ds2@published\" data-editable=\"text\" data-component-name=\"paragraph\" data-article-gutter=\"true\">\n            La \u00faltima vez que el presidente Donald Trump asisti\u00f3 a un partido del Abierto de Estados Unidos, cuando todav\u00eda era candidato presidencial en 2015, los abucheos fueron tan fuertes que varios medios de comunicaci\u00f3n publicaron art\u00edculos sobre la cr\u00edtica reacci\u00f3n del p\u00fablico. La transmisi\u00f3n en vivo de ESPN se detuvo en im\u00e1genes de Trump durante un partido de cuartos de final.\n    <\/p>\n<p class=\"paragraph inline-placeholder vossi-paragraph\" data-uri=\"es.cms.cnn.com\/_components\/paragraph\/instances\/cmf9zieo400083j6oberaae51@published\" data-editable=\"text\" data-component-name=\"paragraph\" data-article-gutter=\"true\">\n            Trump volver\u00e1 este domingo por la tarde para asistir a la final masculina, lo que plantea una pregunta: \u00bfqu\u00e9 mostrar\u00e1 ABC y c\u00f3mo lo har\u00e1?\n    <\/p>\n<p class=\"paragraph inline-placeholder vossi-paragraph\" data-uri=\"es.cms.cnn.com\/_components\/paragraph\/instances\/cmf9zieo400093j6oictcoun1@published\" data-editable=\"text\" data-component-name=\"paragraph\" data-article-gutter=\"true\">\n            El campeonato de tenis, un evento muy querido en Queens, el distrito natal de Trump en la ciudad de Nueva York \u2014de mayor\u00eda dem\u00f3crata\u2014, atrae a un p\u00fablico diferente al de, por ejemplo, las peleas de la UFC a las que Trump ha asistido en los \u00faltimos meses.\n    <\/p>\n<p class=\"paragraph inline-placeholder vossi-paragraph\" data-uri=\"es.cms.cnn.com\/_components\/paragraph\/instances\/cmf9zieo4000a3j6o2mhursky@published\" data-editable=\"text\" data-component-name=\"paragraph\" data-article-gutter=\"true\">\n            Ya sea que Trump sea recibido con abucheos o v\u00edtores en el Estadio Arthur Ashe el domingo, la Asociaci\u00f3n de Tenis de Estados Unidos afirma que quiere que la atenci\u00f3n se centre en la cancha.\n    <\/p>\n<p class=\"paragraph inline-placeholder vossi-paragraph\" data-uri=\"es.cms.cnn.com\/_components\/paragraph\/instances\/cmf9zieo4000b3j6o07c5tar4@published\" data-editable=\"text\" data-component-name=\"paragraph\" data-article-gutter=\"true\">\n            ESPN, de Disney, es el titular de los derechos en Estados Unidos del torneo de tenis, y ABC, de Disney, transmitir\u00e1 la final masculina el domingo. La producci\u00f3n de ESPN planea mostrar a Trump y destacar su asistencia, de forma similar a como Fox lo mostr\u00f3 en el Super Bowl a principios de este a\u00f1o.\n    <\/p>\n<p class=\"paragraph inline-placeholder vossi-paragraph\" data-uri=\"es.cms.cnn.com\/_components\/paragraph\/instances\/cmf9zieo4000c3j6osijo4r67@published\" data-editable=\"text\" data-component-name=\"paragraph\" data-article-gutter=\"true\">\n            La curiosidad sobre el plan de cobertura de la cadena aument\u00f3 el s\u00e1bado, despu\u00e9s de que el escritor de tenis Ben Rothenberg publicara un art\u00edculo titulado: \u201cEl US Open ordena a las emisoras censurar reacciones a Trump\u201d.\n    <\/p>\n<p class=\"paragraph inline-placeholder vossi-paragraph\" data-uri=\"es.cms.cnn.com\/_components\/paragraph\/instances\/cmf9zieo4000d3j6ol13du5e2@published\" data-editable=\"text\" data-component-name=\"paragraph\" data-article-gutter=\"true\">\n            Cit\u00f3 un memorando de la asociaci\u00f3n de tenis a las emisoras, incluida ESPN, en el que se les ped\u00eda \u201cabstenerse de mostrar cualquier interrupci\u00f3n o reacci\u00f3n en respuesta a la asistencia del presidente\u201d.\n    <\/p>\n<p class=\"paragraph inline-placeholder vossi-paragraph\" data-uri=\"es.cms.cnn.com\/_components\/paragraph\/instances\/cmf9zieo4000e3j6o4rricn12@published\" data-editable=\"text\" data-component-name=\"paragraph\" data-article-gutter=\"true\">\n            El memorando parec\u00eda m\u00e1s una solicitud que una orden. En un comunicado a CNN, la asociaci\u00f3n declar\u00f3: \u201cSolicitamos regularmente a nuestras emisoras que se abstengan de mostrar interrupciones fuera de la cancha\u201d.\n    <\/p>\n<p class=\"paragraph inline-placeholder vossi-paragraph\" data-uri=\"es.cms.cnn.com\/_components\/paragraph\/instances\/cmf9zieo4000f3j6op4tfl3vh@published\" data-editable=\"text\" data-component-name=\"paragraph\" data-article-gutter=\"true\">\n            Las emisoras tienden a tener los mismos instintos. Las cadenas deportivas evitan mostrar desnudos y otras acciones que buscan llamar la atenci\u00f3n e interrumpen el juego.\n    <\/p>\n<p class=\"paragraph inline-placeholder vossi-paragraph\" data-uri=\"es.cms.cnn.com\/_components\/paragraph\/instances\/cmf9zieo4000g3j6o0gvpctnh@published\" data-editable=\"text\" data-component-name=\"paragraph\" data-article-gutter=\"true\">\n            Sin embargo, las protestas pol\u00edticas son inherentemente m\u00e1s noticiosas. Cuando activistas ambientales interrumpieron una semifinal del Abierto de Estados Unidos en 2023, forzando una larga demora, ESPN mostr\u00f3 algunas im\u00e1genes en vivo de los manifestantes. Sin embargo, la cobertura en directo se centr\u00f3 principalmente en el impacto sobre los jugadores, en l\u00ednea con el enfoque de la cadena en el deporte.\n    <\/p>\n<p class=\"paragraph inline-placeholder vossi-paragraph\" data-uri=\"es.cms.cnn.com\/_components\/paragraph\/instances\/cmf9zieo4000h3j6och2nhddz@published\" data-editable=\"text\" data-component-name=\"paragraph\" data-article-gutter=\"true\">\n            Algunos antagonistas de Trump han expresado p\u00fablicamente su deseo de una protesta pol\u00edtica en la final del Abierto. Con iron\u00eda, el abogado conservador George Conway escribi\u00f3 en X: \u201cSer\u00eda terrible que se enfadara por alg\u00fan c\u00e1ntico como \u2018QUEREMOS. LOS. ARCHIVOS. EPSTEIN\u2019. Espero y rezo sinceramente para que esto no suceda\u201d.\n    <\/p>\n<p class=\"paragraph inline-placeholder vossi-paragraph\" data-uri=\"es.cms.cnn.com\/_components\/paragraph\/instances\/cmf9zieo4000i3j6oi7ltwi81@published\" data-editable=\"text\" data-component-name=\"paragraph\" data-article-gutter=\"true\">\n            Seg\u00fan la agenda de la Casa Blanca, Trump llegar\u00e1 a Nueva York a tiempo para el inicio previsto del partido a las 2 p.m. ET.\n    <\/p>\n<p class=\"paragraph inline-placeholder vossi-paragraph\" data-uri=\"es.cms.cnn.com\/_components\/paragraph\/instances\/cmf9zieo4000j3j6otdyd1g2t@published\" data-editable=\"text\" data-component-name=\"paragraph\" data-article-gutter=\"true\">\n            Trump ha asistido a media docena de grandes eventos deportivos desde el inicio de su segundo mandato en enero. Asisti\u00f3 a la primera mitad del Super Bowl en febrero, aunque solo se le vio brevemente en c\u00e1mara. Dentro del Superdome de Nueva Orleans, Louisiana, hubo m\u00e1s v\u00edtores que abucheos cuando apareci\u00f3 en las pantallas del estadio.\n    <\/p>\n<p class=\"paragraph inline-placeholder vossi-paragraph\" data-uri=\"es.cms.cnn.com\/_components\/paragraph\/instances\/cmf9zieo4000k3j6of2asbjjr@published\" data-editable=\"text\" data-component-name=\"paragraph\" data-article-gutter=\"true\">\n            M\u00e1s recientemente, cuando Trump asisti\u00f3 a la final del Mundial de Clubes de la FIFA en julio, fue ovacionado a su llegada al Estadio MetLife de Nueva Jersey, pero recibi\u00f3 algunos abucheos cuando apareci\u00f3 en las pantallas durante el himno nacional. M\u00e1s tarde, hubo abucheos de nuevo cuando Trump ayud\u00f3 a subir el trofeo de la competici\u00f3n al escenario, lo que dio lugar a algunos videos virales de la hostil recepci\u00f3n.\n    <\/p>\n","protected":false},"excerpt":{"rendered":"CNN \u00a0\u2014\u00a0 La \u00faltima vez que el presidente Donald Trump asisti\u00f3 a un partido del Abierto de Estados&hellip;\n","protected":false},"author":2,"featured_media":100039,"comment_status":"","ping_status":"","sticky":false,"template":"","format":"standard","meta":{"footnotes":""},"categories":[274],"tags":[25782,168,25,24,23,167,327,326,936,541],"class_list":{"0":"post-100038","1":"post","2":"type-post","3":"status-publish","4":"format-standard","5":"has-post-thumbnail","7":"category-tenis","8":"tag-abierto-estados-unidos","9":"tag-deportes","10":"tag-es","11":"tag-espana","12":"tag-spain","13":"tag-sports","14":"tag-tenis","15":"tag-tennis","16":"tag-trump","17":"tag-us-open"},"share_on_mastodon":{"url":"","error":""},"_links":{"self":[{"href":"https:\/\/www.europesays.com\/es\/wp-json\/wp\/v2\/posts\/100038","targetHints":{"allow":["GET"]}}],"collection":[{"href":"https:\/\/www.europesays.com\/es\/wp-json\/wp\/v2\/posts"}],"about":[{"href":"https:\/\/www.europesays.com\/es\/wp-json\/wp\/v2\/types\/post"}],"author":[{"embeddable":true,"href":"https:\/\/www.europesays.com\/es\/wp-json\/wp\/v2\/users\/2"}],"replies":[{"embeddable":true,"href":"https:\/\/www.europesays.com\/es\/wp-json\/wp\/v2\/comments?post=100038"}],"version-history":[{"count":0,"href":"https:\/\/www.europesays.com\/es\/wp-json\/wp\/v2\/posts\/100038\/revisions"}],"wp:featuredmedia":[{"embeddable":true,"href":"https:\/\/www.europesays.com\/es\/wp-json\/wp\/v2\/media\/100039"}],"wp:attachment":[{"href":"https:\/\/www.europesays.com\/es\/wp-json\/wp\/v2\/media?parent=100038"}],"wp:term":[{"taxonomy":"category","embeddable":true,"href":"https:\/\/www.europesays.com\/es\/wp-json\/wp\/v2\/categories?post=100038"},{"taxonomy":"post_tag","embeddable":true,"href":"https:\/\/www.europesays.com\/es\/wp-json\/wp\/v2\/tags?post=100038"}],"curies":[{"name":"wp","href":"https:\/\/api.w.org\/{rel}","templated":true}]}}