{"id":100042,"date":"2025-09-07T20:31:09","date_gmt":"2025-09-07T20:31:09","guid":{"rendered":"https:\/\/www.europesays.com\/es\/100042\/"},"modified":"2025-09-07T20:31:09","modified_gmt":"2025-09-07T20:31:09","slug":"wolff-considera-que-verstappen-ridiculizo-al-resto-en-monza","status":"publish","type":"post","link":"https:\/\/www.europesays.com\/es\/100042\/","title":{"rendered":"Wolff considera que Verstappen \u00abridiculiz\u00f3 al resto en Monza\u00bb"},"content":{"rendered":"<p><a href=\"https:\/\/lat.motorsport.com\/driver\/george-russell\/468543\/\" target=\"_blank\" rel=\"noopener nofollow\">George Russell<\/a> no pudo convertir su quinta posici\u00f3n de salida en un mejor resultado en Monza. El h\u00e9roe local <a href=\"https:\/\/lat.motorsport.com\/driver\/andrea-kimi-antonelli\/879465\/\" target=\"_blank\" rel=\"noopener nofollow\">Andrea Kimi Antonelli<\/a> incluso dio marcha atr\u00e1s en las 53 vueltas al Templo de la Velocidad: del sexto al noveno puesto, gracias en parte a una penalizaci\u00f3n de cinco segundos en parrilla. A\u00fan m\u00e1s doloroso fue que Russell cruzara la l\u00ednea de meta 32 segundos por detr\u00e1s del ganador de la carrera <a href=\"https:\/\/lat.motorsport.com\/driver\/max-verstappen\/465982\/\" target=\"_blank\" rel=\"noopener nofollow\">, Max Verstappen<\/a>.<\/p>\n<p>\u00abHoy un piloto ha dejado en rid\u00edculo al resto\u00bb, dijo el jefe del equipo <a href=\"https:\/\/lat.motorsport.com\/team\/mercedes-amg-f1\/25731\/\" target=\"_blank\" rel=\"noopener nofollow\">Mercedes<\/a>, Toto Wolff, a Servus TV, refiri\u00e9ndose a Verstappen. \u00abRealmente necesitan preguntarse qu\u00e9 est\u00e1 haciendo diferente\u00bb.<\/p>\n<p>Sobre el rendimiento de su propio equipo, Wolff es claro. \u00abEn general no fuimos competitivos\u00bb, juzga. \u00abUn quinto y un octavo puesto definitivamente no son satisfactorios. No creo que con nuestra configuraci\u00f3n actual tengamos un coche con el que estructuralmente podamos acabar en el podio. Pero Kimi cometi\u00f3 demasiados errores. S\u00f3lo necesita hacer un fin de semana s\u00f3lido. Entonces estar\u00e1 a la altura de Leclerc y George. Y hoy las cosas tampoco le han ido del todo bien a George\u00bb.<\/p>\n<p>En los primeros compases, Russell a\u00fan parec\u00eda tener la oportunidad de abrir el ataque sobre <a href=\"https:\/\/lat.motorsport.com\/driver\/charles-leclerc\/467889\/\" target=\"_blank\" rel=\"noopener nofollow\">Charles Leclerc<\/a>, pero al final result\u00f3 ir demasiado lejos. \u00abCreo que se esforz\u00f3 demasiado para quedarse con Leclerc\u00bb, explic\u00f3 Wolff sobre por qu\u00e9 no funcion\u00f3 al final. \u00abCuando los coches est\u00e1n tan cerca el uno del otro, adelantar ya es muy dif\u00edcil. Y como hab\u00eda apretado tanto, rompi\u00f3 los neum\u00e1ticos\u00bb.<\/p>\n<p>\u00bfEn qu\u00e9 cree Wolff que debe mejorar Antonelli tras un fin de semana dif\u00edcil?: \u00abTiene que ofrecer un fin de semana impecable en\u00a0Baku\u00bb, argumenta. \u00abAll\u00ed tendr\u00e1 menos presi\u00f3n y es un circuito que conoce. Necesita mostrar su mentalidad asesina\u00bb.<\/p>\n<p>Wolff a\u00fan no est\u00e1 muy seguro de lo que Mercedes puede esperar de la carrera en Azerbaiy\u00e1n. \u00abEs dif\u00edcil de decir. Ahora mismo estamos luchando con <a href=\"https:\/\/lat.motorsport.com\/team\/scuderia-ferrari\/25733\/\" target=\"_blank\" rel=\"noopener nofollow\">Ferrari<\/a> por el segundo puesto en el campeonato de constructores, as\u00ed que b\u00e1sicamente por el t\u00edtulo de &#8216;mejor perdedor&#8217;. Pero, por otro lado, tambi\u00e9n es un honor luchar tan encarnizadamente con Ferrari. Ese es el lado positivo\u00bb.<\/p>\n<p>M\u00e1s de la F1:<\/p>\n<p>En este art\u00edculo<\/p>\n<p>Sea el primero en enterarse y suscr\u00edbase para recibir actualizaciones por correo electr\u00f3nico en tiempo real sobre estos temas.<\/p>\n<p>    Suscr\u00edbase a nuevas alertas<\/p>\n","protected":false},"excerpt":{"rendered":"George Russell no pudo convertir su quinta posici\u00f3n de salida en un mejor resultado en Monza. El h\u00e9roe&hellip;\n","protected":false},"author":2,"featured_media":100043,"comment_status":"","ping_status":"","sticky":false,"template":"","format":"standard","meta":{"footnotes":""},"categories":[270],"tags":[33154,168,25,24,306,271,272,1230,33153,2099,1228,2092,23,167,17147,35505],"class_list":{"0":"post-100042","1":"post","2":"type-post","3":"status-publish","4":"format-standard","5":"has-post-thumbnail","7":"category-formula-1","8":"tag-autodromo-nazionale-monza","9":"tag-deportes","10":"tag-es","11":"tag-espana","12":"tag-f1","13":"tag-formula-1","14":"tag-formula1","15":"tag-fu00f3rmula-1","16":"tag-gp-de-italia","17":"tag-max-verstappen","18":"tag-mercedes","19":"tag-red-bull-racing","20":"tag-spain","21":"tag-sports","22":"tag-toto-wolff","23":"tag-wolff-considera-que-verstappen-ridiculizu00f3-al-resto-en-monza"},"share_on_mastodon":{"url":"","error":""},"_links":{"self":[{"href":"https:\/\/www.europesays.com\/es\/wp-json\/wp\/v2\/posts\/100042","targetHints":{"allow":["GET"]}}],"collection":[{"href":"https:\/\/www.europesays.com\/es\/wp-json\/wp\/v2\/posts"}],"about":[{"href":"https:\/\/www.europesays.com\/es\/wp-json\/wp\/v2\/types\/post"}],"author":[{"embeddable":true,"href":"https:\/\/www.europesays.com\/es\/wp-json\/wp\/v2\/users\/2"}],"replies":[{"embeddable":true,"href":"https:\/\/www.europesays.com\/es\/wp-json\/wp\/v2\/comments?post=100042"}],"version-history":[{"count":0,"href":"https:\/\/www.europesays.com\/es\/wp-json\/wp\/v2\/posts\/100042\/revisions"}],"wp:featuredmedia":[{"embeddable":true,"href":"https:\/\/www.europesays.com\/es\/wp-json\/wp\/v2\/media\/100043"}],"wp:attachment":[{"href":"https:\/\/www.europesays.com\/es\/wp-json\/wp\/v2\/media?parent=100042"}],"wp:term":[{"taxonomy":"category","embeddable":true,"href":"https:\/\/www.europesays.com\/es\/wp-json\/wp\/v2\/categories?post=100042"},{"taxonomy":"post_tag","embeddable":true,"href":"https:\/\/www.europesays.com\/es\/wp-json\/wp\/v2\/tags?post=100042"}],"curies":[{"name":"wp","href":"https:\/\/api.w.org\/{rel}","templated":true}]}}