{"id":10005,"date":"2025-07-28T19:15:09","date_gmt":"2025-07-28T19:15:09","guid":{"rendered":"https:\/\/www.europesays.com\/es\/10005\/"},"modified":"2025-07-28T19:15:09","modified_gmt":"2025-07-28T19:15:09","slug":"el-fracaso-de-dos-estrellas-que-fue-de-quico-y-don-ramon-cuando-dejaron-a-chespirito","status":"publish","type":"post","link":"https:\/\/www.europesays.com\/es\/10005\/","title":{"rendered":"El fracaso de dos estrellas: qu\u00e9 fue de Quico y Don Ram\u00f3n cuando dejaron a Chespirito"},"content":{"rendered":"<p class=\"article-body__paragraph\">Hay dos secuencias de la serie biogr\u00e1fica <a href=\"https:\/\/www.latercera.com\/etiqueta\/chespirito-sin-querer-queriendo\/\" target=\"_self\" rel=\"nofollow noopener\" title=\"https:\/\/www.latercera.com\/etiqueta\/chespirito-sin-querer-queriendo\/\">Chespirito: sin querer queriendo<\/a> (<a href=\"https:\/\/www.latercera.com\/etiqueta\/hbo-max\/\" target=\"_self\" rel=\"nofollow noopener\" title=\"https:\/\/www.latercera.com\/etiqueta\/hbo-max\/\">HBO Max<\/a>) que retratan el quiebre del protagonista, <a href=\"https:\/\/www.latercera.com\/etiqueta\/roberto-gomez-bolanos\/\" target=\"_self\" rel=\"nofollow noopener\" title=\"https:\/\/www.latercera.com\/etiqueta\/roberto-gomez-bolanos\/\">Roberto G\u00f3mez Bola\u00f1os<\/a>, con dos de los actores m\u00e1s queridos y populares de su elenco, <a href=\"https:\/\/www.latercera.com\/etiqueta\/carlos-villagran\/\" target=\"_self\" rel=\"nofollow noopener\" title=\"https:\/\/www.latercera.com\/etiqueta\/carlos-villagran\/\">Carlos Villagr\u00e1n<\/a> (<a href=\"https:\/\/www.latercera.com\/etiqueta\/quico\/\" target=\"_self\" rel=\"nofollow noopener\" title=\"https:\/\/www.latercera.com\/etiqueta\/quico\/\">Quico<\/a>) y <a href=\"https:\/\/www.latercera.com\/etiqueta\/ramon-valdes\/\" target=\"_self\" rel=\"nofollow noopener\" title=\"https:\/\/www.latercera.com\/etiqueta\/ramon-valdes\/\">Ram\u00f3n Vald\u00e9s<\/a> (<a href=\"https:\/\/www.latercera.com\/etiqueta\/don-ramon\/\" target=\"_self\" rel=\"nofollow noopener\" title=\"https:\/\/www.latercera.com\/etiqueta\/don-ramon\/\">Don Ram\u00f3n<\/a>).<\/p>\n<p class=\"article-body__paragraph\">Cuando a fines de los 70 el elenco completo de la vecindad de <a href=\"https:\/\/www.latercera.com\/etiqueta\/el-chavo-del-8\/\" target=\"_self\" rel=\"nofollow noopener\" title=\"https:\/\/www.latercera.com\/etiqueta\/el-chavo-del-8\/\">El Chavo del 8<\/a> viaja a <a href=\"https:\/\/www.latercera.com\/culto\/noticia\/el-chavo-del-8-en-acapulco-como-uno-de-los-capitulos-mas-entranables-de-chespirito-destruyo-a-la-vecindad\/\" target=\"_self\" rel=\"nofollow noopener\" title=\"https:\/\/www.latercera.com\/culto\/noticia\/el-chavo-del-8-en-acapulco-como-uno-de-los-capitulos-mas-entranables-de-chespirito-destruyo-a-la-vecindad\/\">Acapulco<\/a>, para grabar su episodio especial en el balneario mexicano, Villagr\u00e1n -que en la producci\u00f3n lleva el nombre de Marcos Barrag\u00e1n- le informa a Chespirito que est\u00e1 en avanzadas negociaciones para explotar su personaje en solitario en otros mercados, como Venezuela. <b>Es un minuto en el que siente que su arrastre personal rebalsa el espacio y que tiene alas para despegar por m\u00e9rito propio. En s\u00edntesis, no necesita al resto para brillar.<\/b><\/p>\n<p><img alt=\"\" class=\"global-image\" decoding=\"async\"  src=\"https:\/\/www.europesays.com\/es\/wp-content\/uploads\/2025\/07\/Z3Y6PA6JUVBQZNEP5FRHBREUJY.jpg\"  fetchpriority=\"low\" loading=\"lazy\"\/><\/p>\n<p class=\"article-body__paragraph\">Ante las maniobras, Chespirito se siente inc\u00f3modo. \u201cAdem\u00e1s de inflar los cachetes, \u00bfqu\u00e9 m\u00e1s sabes hacer?\u201c, le espeta. Barrag\u00e1n aparenta que su versatilidad es mucho mayor. Curioso: s\u00f3lo este lunes 28 de julio se han viralizado im\u00e1genes del verdadero Carlos Villagr\u00e1n personificando a Quico a los 81 a\u00f1os en Per\u00fa. O sea, nunca pudo zafar del personaje, pese a sus ambiciones.<\/p>\n<p class=\"article-body__paragraph\"><b>Don Ram\u00f3n se comport\u00f3 menos altanero que \u201cel cachet\u00f3n\u201d, pero tambi\u00e9n subraya sus ganas de flotar de forma aut\u00f3noma.<\/b> En el \u00faltimo cap\u00edtulo de la entrega de HBO Max, estrenado la semana pasada, el personaje le confiesa a \u201cChespiro\u201d -como lo llamaba- que se va a ir con Quico a explorar nuevos rumbos. Le pide disculpas, le dice que tolere la decisi\u00f3n y le asegura que todo est\u00e1 basado en la mala relaci\u00f3n que ya explot\u00f3 al interior del elenco y que en Acapulco fue dinamita pura. G\u00f3mez Bola\u00f1os lo acepta y ambos quedan en buenos t\u00e9rminos, a diferencia de la fractura que supone el adi\u00f3s de Quico.<\/p>\n<p>Fracaso y baja de audiencia <\/p>\n<p class=\"article-body__paragraph\"><b>Pero Quico y Don Ram\u00f3n nunca m\u00e1s ser\u00edan los mismos.<\/b> El \u00e9xito no jug\u00f3 a favor de ellos. Es m\u00e1s: en la vida real -lo que tambi\u00e9n muestra la serie-, Villagr\u00e1n fue a conversar con los propios ejecutivos de Televisa, donde se emit\u00eda Chespirito, para que le dieran un espacio propio. Ellos lo rechazan, ante el eventual problema de marca y derechos que puede desencadenar la decisi\u00f3n.<\/p>\n<p class=\"article-body__paragraph\">Villagr\u00e1n y Vald\u00e9s parten a principios de los 80 a Venezuela, donde su suceso era total, y donde la TV escalaba como un mercado millonario. Eran \u00e9pocas en que la industria del espect\u00e1culo de ese pa\u00eds dominaba parte de la regi\u00f3n.<\/p>\n<p class=\"article-body__paragraph\">El primero de los programas que realiza Villagr\u00e1n fue El Ni\u00f1o de Papel (1981 &#8211; 1982), que logr\u00f3 mantenerse al aire solo unos pocos meses. <b>Luego de esa dura cancelaci\u00f3n que signific\u00f3 el primer gran rev\u00e9s de su carrera, hizo la serie <\/b><b>Federrico<\/b><b> (1982 &#8211; 1983), la m\u00e1s exitosa de su carrera en solitario. <\/b>Su primera temporada cont\u00f3 con la actuaci\u00f3n de Ram\u00f3n Vald\u00e9s. En esa ficci\u00f3n, Villagr\u00e1n nuevamente interpretaba a Quico, por lo que sus intenciones de abandonar su afamado personaje eran relativas. <\/p>\n<p><img alt=\"\" class=\"global-image\" decoding=\"async\"  src=\"https:\/\/www.europesays.com\/es\/wp-content\/uploads\/2025\/07\/FLSPXROWLBAOBHG65QVLG56PNA.jpeg\"  fetchpriority=\"low\" loading=\"lazy\"\/><\/p>\n<p class=\"article-body__paragraph\"><b>Para evitar conflictos con Chespirito -y para aparentar algo de diferencia-, Quico aparec\u00eda con el mismo traje de marinero que lo caracterizaba, pero ahora era blanco.<\/b> Don Ram\u00f3n tambi\u00e9n: delgado y huesudo, pero con una polera blanca en vez de la cl\u00e1sica negra de su anterior vecindad. Todos sus episodios fueron escritos y dirigidos por Villagr\u00e1n, y emitidos por RCTV.<\/p>\n<p class=\"article-body__paragraph\">Posteriormente fue protagonista de un espacio televisivo infantil en vivo, llamado El Circo de Monsiueur Cachet\u00f3n. El actor interpretaba a Monsieur Cachet\u00f3n, el due\u00f1o de un circo. Fue emitido por varias cadenas latinoamericanas independientes a partir de 1985 y lo mantuvo de gira por el continente, explorando un personaje muy similar a Quico. Casi id\u00e9ntico.<\/p>\n<p class=\"article-body__paragraph\">Su tercera y \u00faltima serie fue Kiko Botones, en 1986, donde personificaba a una suerte de conserje. Pero ah\u00ed su audiencia ya hab\u00eda deca\u00eddo. Pese a que el proyecto se export\u00f3 a varios pa\u00edses de la regi\u00f3n, no estuvo ni cerca de conseguir alg\u00fan impacto. Finalmente fue cancelado. Ah\u00ed tambi\u00e9n hab\u00eda otro detalle singular: Quico ahora era Kiko, cambio que impuls\u00f3 para evitar acciones judiciales de parte de Chespirito. <\/p>\n<p class=\"article-body__paragraph\">Luego de su experiencia en Venezuela, el actor regres\u00f3 con su personaje a M\u00e9xico en 1987, donde logr\u00f3 un contrato con la peque\u00f1a televisora Tele Rey para realizar un nuevo proyecto de comedia, denominado \u00a1Ah, qu\u00e9 Kiko!, en 1988. En un principio cont\u00f3 una vez m\u00e1s con la presencia de Ram\u00f3n Vald\u00e9s, siendo sustituido posteriormente por el actor Sergio Ramos, ya que Don Ram\u00f3n fue diagnosticado de un c\u00e1ncer de est\u00f3mago, el que lo llev\u00f3 a la muerte en 1988. \u00a1Ah, qu\u00e9 Kiko! fue el \u00faltimo programa en el que particip\u00f3 Vald\u00e9s. <\/p>\n<p class=\"article-body__paragraph\">Villagr\u00e1n en los 90 se dedic\u00f3 a girar por Latinoam\u00e9rica con su circo -incluyendo muchas veces Chile-, replicando para siempre el personaje del que supuestamente quer\u00eda escapar.<\/p>\n<p class=\"article-body__paragraph\"><b>A diferencia de Villagr\u00e1n, G\u00f3mez Bola\u00f1os siempre tuvo palabras de cari\u00f1o y agradecimiento para Vald\u00e9s.<\/b> En rigor, su partida del elenco a fines de los 70 se debi\u00f3 netamente a la convivencia de sus integrantes y a la influencia progresiva que Florinda Meza hab\u00eda empezado a imponer.<\/p>\n<p class=\"article-body__paragraph\">\u201cA mi pap\u00e1 no le importaba ganar miles de d\u00f3lares si no estaba a gusto en su trabajo&#8230; (Florinda) se tom\u00f3 atribuciones en las que ya se pasaba de la raya y Roberto no dec\u00eda nada. A mi pap\u00e1 no le gust\u00f3 y renunci\u00f3 de buena manera\u201d, dijo alguna vez su hijo, Esteban Vald\u00e9s, tratando de esclarecer la trama.<\/p>\n","protected":false},"excerpt":{"rendered":"Hay dos secuencias de la serie biogr\u00e1fica Chespirito: sin querer queriendo (HBO Max) que retratan el quiebre del&hellip;\n","protected":false},"author":2,"featured_media":10006,"comment_status":"","ping_status":"","sticky":false,"template":"","format":"standard","meta":{"footnotes":""},"categories":[171],"tags":[1059,3669,3005,3522,7324,4858,146,147,25,24,7325,3002,3526,7322,7323,3668,805,7326,23,6879,214],"class_list":{"0":"post-10005","1":"post","2":"type-post","3":"status-publish","4":"format-standard","5":"has-post-thumbnail","7":"category-tv","8":"tag-acapulco","9":"tag-carlos-villagran","10":"tag-chespirito","11":"tag-chespirito-sin-querer-queriendo","12":"tag-don-ramon","13":"tag-el-chavo-del-8","14":"tag-entertainment","15":"tag-entretenimiento","16":"tag-es","17":"tag-espana","18":"tag-federrico","19":"tag-florinda-meza","20":"tag-hbo-max","21":"tag-quico","22":"tag-ramon-valdes","23":"tag-roberto-gomez-bolanos","24":"tag-series","25":"tag-series-culto","26":"tag-spain","27":"tag-streaming","28":"tag-tv"},"share_on_mastodon":{"url":"","error":""},"_links":{"self":[{"href":"https:\/\/www.europesays.com\/es\/wp-json\/wp\/v2\/posts\/10005","targetHints":{"allow":["GET"]}}],"collection":[{"href":"https:\/\/www.europesays.com\/es\/wp-json\/wp\/v2\/posts"}],"about":[{"href":"https:\/\/www.europesays.com\/es\/wp-json\/wp\/v2\/types\/post"}],"author":[{"embeddable":true,"href":"https:\/\/www.europesays.com\/es\/wp-json\/wp\/v2\/users\/2"}],"replies":[{"embeddable":true,"href":"https:\/\/www.europesays.com\/es\/wp-json\/wp\/v2\/comments?post=10005"}],"version-history":[{"count":0,"href":"https:\/\/www.europesays.com\/es\/wp-json\/wp\/v2\/posts\/10005\/revisions"}],"wp:featuredmedia":[{"embeddable":true,"href":"https:\/\/www.europesays.com\/es\/wp-json\/wp\/v2\/media\/10006"}],"wp:attachment":[{"href":"https:\/\/www.europesays.com\/es\/wp-json\/wp\/v2\/media?parent=10005"}],"wp:term":[{"taxonomy":"category","embeddable":true,"href":"https:\/\/www.europesays.com\/es\/wp-json\/wp\/v2\/categories?post=10005"},{"taxonomy":"post_tag","embeddable":true,"href":"https:\/\/www.europesays.com\/es\/wp-json\/wp\/v2\/tags?post=10005"}],"curies":[{"name":"wp","href":"https:\/\/api.w.org\/{rel}","templated":true}]}}