{"id":100054,"date":"2025-09-07T20:37:13","date_gmt":"2025-09-07T20:37:13","guid":{"rendered":"https:\/\/www.europesays.com\/es\/100054\/"},"modified":"2025-09-07T20:37:13","modified_gmt":"2025-09-07T20:37:13","slug":"que-fue-de-julio-ruz-el-exnovio-de-maria-jesus-ruiz-que-fue-expulsado-de-gran-hermano-por-conducta-inaceptable","status":"publish","type":"post","link":"https:\/\/www.europesays.com\/es\/100054\/","title":{"rendered":"Qu\u00e9 fue de Julio Ruz, el exnovio de Mar\u00eda Jes\u00fas Ruiz que fue expulsado de &#8216;Gran Hermano&#8217; por \u00abconducta inaceptable\u00bb"},"content":{"rendered":"<p class=\"paragraph\" id=\"paragraph_1\">Corr\u00eda el a\u00f1o 2000 cuando 14 desconocidos consintieron participar en un formato de televisi\u00f3n que les grabar\u00eda durante 24 horas cerca de tres meses. El formato recibi\u00f3 el nombre de <strong>Gran Hermano<\/strong>. Un cuarto de siglo despu\u00e9s, el resto<strong> ya es historia<\/strong>.<\/p>\n<p class=\"paragraph\" id=\"paragraph_2\">A lo largo de estos 25 a\u00f1os, numerosos son los rostros reconocidos que han encontrado un hueco en la peque\u00f1a pantalla tras su paso por <strong>el reality por antonomasia de la televisi\u00f3n<\/strong>. Un apabullante \u00e9xito -el de Gran Hermano- que ha llevado con el tiempo a dar paso a diversas variantes del programa. V\u00e9ase <strong>Gran Hermano VIP<\/strong> y <strong>Gran Hermano D\u00fao<\/strong>.<\/p>\n<p class=\"paragraph\" id=\"paragraph_3\">Personalidades tan variopintas como la periodista<strong> Irma Soriano<\/strong> (61) o la valenciana <strong>Ylenia Padilla<\/strong> (37) han concursado en alguna entrega del reality. Tambi\u00e9n as\u00ed la concejala Carmen L\u00f3pez o la actriz <strong>Emma Ozores<\/strong> (64). Muchos de ellos han continuado su andadura en la peque\u00f1a pantalla. Otros, sin embargo, han dado paso a <strong>discretas vidas alejadas de todo el mundo de la far\u00e1ndula<\/strong>.<\/p>\n<p><img loading=\"lazy\" decoding=\"async\" alt=\"Carlos Ferrando y C\u00e9sar Heinrich, en una imagen de archivo.\" height=\"180\" src=\"https:\/\/www.europesays.com\/es\/wp-content\/uploads\/2025\/09\/1003743885209_257964157_320x180.jpg\" width=\"320\" data-lazy-status=\"processed\" data-lazy-info=\"remove loading item 1\"\/><\/p>\n<p><img decoding=\"async\" alt=\"Mar\u00eda Jes\u00fas Ruiz y Julio Ruz en 'GH D\u00daO'\" data-imgm=\"true\" height=\"180\" loading=\"lazy\"  src=\"https:\/\/www.europesays.com\/es\/wp-content\/uploads\/2025\/09\/bluper_488962056_258408540_1024x576.jpg\"  width=\"320\"\/><\/p>\n<p>                                                            Mar\u00eda Jes\u00fas Ruiz y Julio Ruz en &#8216;GH D\u00daO&#8217;<\/p>\n<p>                    Mediaset Espa\u00f1a<\/p>\n<p class=\"paragraph\" id=\"paragraph_4\">Quiz\u00e1s el nombre de <a href=\"https:\/\/www.elespanol.com\/corazon\/famosos\/20190406\/hablamos-julio-ruz-peticion-medio-carcel-fraude\/388711655_0.html?utm_cmp_rs=linksinline\" rel=\"nofollow noopener\" target=\"_blank\"><strong>Julio Ruz<\/strong><\/a> no resulte a priori familiar. No obstante, el que fuera pareja de la miss <a href=\"https:\/\/www.elespanol.com\/bluper\/20231113\/maria-jesus-ruiz-deja-plantado-fiesta-despues-investiguen-irregularidades-tienda-ropa\/809419447_0.html?utm_cmp_rs=linksinline\" rel=\"nofollow noopener\" target=\"_blank\"><strong>Mar\u00eda Jes\u00fas Ruiz<\/strong><\/a> (42) entre 2016 y 2018 se convirti\u00f3 en uno de los rostros m\u00e1s destacados de la primera edici\u00f3n de Gran Hermano D\u00fao all\u00e1 por el a\u00f1o 2019.<\/p>\n<p class=\"paragraph\" id=\"paragraph_5\">Si bien la andaluza se acab\u00f3 alzando con el primer puesto, lo cierto es que su paso estuvo fuertemente marcado por las numerosas discusiones que mantuvo con Ruz. Es m\u00e1s, el empresario fue expulsado del programa por <strong>\u00abconducta y comportamiento inaceptable\u00bb<\/strong>. Una situaci\u00f3n que dej\u00f3 en shock a los habitantes de la casa de Guadalix de la Sierra.<\/p>\n<p class=\"paragraph\" id=\"paragraph_6\">No fue su salida forzada de Gran Hermano D\u00fao el \u00fanico motivo que llev\u00f3 a Julio Ruz a acaparar titular tras titular cerca de <strong>siete a\u00f1os atr\u00e1s<\/strong>. A comienzos del mes de abril de 2019, el empresario se convert\u00eda en noticia despu\u00e9s de que la Fiscal\u00eda fallara con<strong> dos a\u00f1os y medio de c\u00e1rcel y una elevada multa<\/strong>.<\/p>\n<p><img decoding=\"async\" alt=\"Julio Ruz en el plat\u00f3 de 'GH D\u00daO'.\" data-imgm=\"true\" height=\"180\" loading=\"lazy\"  src=\"https:\/\/www.europesays.com\/es\/wp-content\/uploads\/2025\/09\/maria_jesus_ruiz-ministerio_de_hacienda_y_funcion_publica-jaen_-provincia_388721751_119640095_1024x5.jpeg\"  width=\"320\"\/><\/p>\n<p>                                                            Julio Ruz en el plat\u00f3 de &#8216;GH D\u00daO&#8217;.<\/p>\n<p>                    Mediaset Espa\u00f1a<\/p>\n<p class=\"paragraph\" id=\"paragraph_7\">El motivo, pretext\u00f3 entonces el fiscal, era <strong>\u00abel entramado de empresas\u00bb<\/strong> que hab\u00eda fundado la familia y en cuyas n\u00f3minas de los trabajadores se efectuaban las deducciones por las cuotas de la Seguridad Social pero que, presuntamente, esas cantidades no se ingresaban en la Tesorer\u00eda.<\/p>\n<p class=\"paragraph\" id=\"paragraph_8\"><a href=\"https:\/\/www.elespanol.com\/?utm_cmp_rs=linksinline\" target=\"_blank\" rel=\"nofollow noopener\"><strong>EL ESPA\u00d1OL<\/strong><\/a> tuvo la oportunidad de hablar con Julio entonces. El exnovio de Mar\u00eda Jes\u00fas Ruiz, en conversaciones con este portal, se mostraba cauto y esperanzado. <strong>\u00abEstamos bastante contentos dentro de lo que cabe\u00bb<\/strong>, apostill\u00f3.<\/p>\n<p class=\"paragraph\" id=\"paragraph_9\">El paso de los a\u00f1os llev\u00f3 a Julio a mantener un perfil p\u00fablico bajo. Apenas se conoc\u00edan detalles sobre \u00e9l y su nombre dej\u00f3 de resonar en los programas de la peque\u00f1a pantalla. De hecho, la \u00fanica ocasi\u00f3n en la que Ruz se convirti\u00f3 en protagonista del extinto S\u00e1lvame estuvo relacionada con <strong>su llamativo cambio f\u00edsico<\/strong>.<\/p>\n<p><img decoding=\"async\" alt=\"El cambio f\u00edsico de Julio Ruz en 2020.\" data-imgm=\"true\" height=\"180\" loading=\"lazy\"  src=\"https:\/\/www.europesays.com\/es\/wp-content\/uploads\/2025\/09\/1003743909344_258408767_1024x576.jpg\"  width=\"320\"\/><\/p>\n<p>                                                            El cambio f\u00edsico de Julio Ruz en 2020.<\/p>\n<p class=\"paragraph\" id=\"paragraph_10\">En el a\u00f1o 2020, reapareci\u00f3 en televisi\u00f3n con un espectacular cambio f\u00edsico gracias a un injerto capilar. Dej\u00f3 atr\u00e1s su cabeza rapada por una melena m\u00e1s abundante y barba cerrada.<\/p>\n<p class=\"paragraph\" id=\"paragraph_11\">Cerca de cuatro a\u00f1os tuvieron que transcurrir para que Julio copara de nuevo un titular de la prensa nacional. En mayo de 2024, Julio fue entrevistado por la revista Semana para sincerarse sobre <strong>la historia de amor<\/strong> entre Mar\u00eda Jes\u00fas Ruiz y Curro Rodr\u00edguez, actual pareja de la miss Espa\u00f1a 2004.<\/p>\n<p class=\"paragraph\" id=\"paragraph_12\">En palabras del empresario, la relaci\u00f3n entre ambos era un \u00abmontaje\u00bb. \u00abTenemos amigos comunes, yo s\u00e9 por d\u00f3nde va toda la historia, yo s\u00e9 c\u00f3mo se han movido. <strong>Lo que pasa es que a m\u00ed ni me va ni me viene la vida de esta se\u00f1ora. A m\u00ed lo \u00fanico que me importa de ella es mi hija\u00bb<\/strong>, confes\u00f3 Julio en declaraciones para la citada cabecera.<\/p>\n<p class=\"paragraph\" id=\"paragraph_13\">A d\u00eda de hoy, son escasos los detalles que se conocen con respecto a la vida privada de Ruz. A trav\u00e9s de sus redes sociales, el que fuera concursante de Gran Hermano D\u00fao ha dejado constancia alguna que otra vez del <strong>inmenso amor que siente hacia su hija<\/strong>, fruto de su relaci\u00f3n con Mar\u00eda Jes\u00fas Ruiz.<\/p>\n<p class=\"paragraph\" id=\"paragraph_14\">Cabe puntualizar que en el a\u00f1o 2020, Mar\u00eda Jes\u00fas Ruiz perdi\u00f3 la custodia de su hija en un juicio contra Julio Ruz, quien obtuvo <strong>la \u00abguardia y custodia\u00bb de la menor<\/strong> en diciembre debido a la inestabilidad laboral de la madre, que trabajaba fuera de la provincia.<\/p>\n<p class=\"paragraph\" id=\"paragraph_15\">Es en X-\u00a0anteriormente Twitter- donde el empresario se encuentra a d\u00eda de hoy m\u00e1s activo. Su perfil, as\u00ed, recoge publicaciones relacionadas con <strong>su ideolog\u00eda pol\u00edtica<\/strong> as\u00ed como alg\u00fan que otro comentario indirecto hacia la madre de su hija.<\/p>\n","protected":false},"excerpt":{"rendered":"Corr\u00eda el a\u00f1o 2000 cuando 14 desconocidos consintieron participar en un formato de televisi\u00f3n que les grabar\u00eda durante&hellip;\n","protected":false},"author":2,"featured_media":100055,"comment_status":"","ping_status":"","sticky":false,"template":"","format":"standard","meta":{"footnotes":""},"categories":[171],"tags":[146,147,25,24,256,3057,23,807,214],"class_list":{"0":"post-100054","1":"post","2":"type-post","3":"status-publish","4":"format-standard","5":"has-post-thumbnail","7":"category-tv","8":"tag-entertainment","9":"tag-entretenimiento","10":"tag-es","11":"tag-espana","12":"tag-famosos","13":"tag-gran-hermano","14":"tag-spain","15":"tag-television","16":"tag-tv"},"share_on_mastodon":{"url":"","error":""},"_links":{"self":[{"href":"https:\/\/www.europesays.com\/es\/wp-json\/wp\/v2\/posts\/100054","targetHints":{"allow":["GET"]}}],"collection":[{"href":"https:\/\/www.europesays.com\/es\/wp-json\/wp\/v2\/posts"}],"about":[{"href":"https:\/\/www.europesays.com\/es\/wp-json\/wp\/v2\/types\/post"}],"author":[{"embeddable":true,"href":"https:\/\/www.europesays.com\/es\/wp-json\/wp\/v2\/users\/2"}],"replies":[{"embeddable":true,"href":"https:\/\/www.europesays.com\/es\/wp-json\/wp\/v2\/comments?post=100054"}],"version-history":[{"count":0,"href":"https:\/\/www.europesays.com\/es\/wp-json\/wp\/v2\/posts\/100054\/revisions"}],"wp:featuredmedia":[{"embeddable":true,"href":"https:\/\/www.europesays.com\/es\/wp-json\/wp\/v2\/media\/100055"}],"wp:attachment":[{"href":"https:\/\/www.europesays.com\/es\/wp-json\/wp\/v2\/media?parent=100054"}],"wp:term":[{"taxonomy":"category","embeddable":true,"href":"https:\/\/www.europesays.com\/es\/wp-json\/wp\/v2\/categories?post=100054"},{"taxonomy":"post_tag","embeddable":true,"href":"https:\/\/www.europesays.com\/es\/wp-json\/wp\/v2\/tags?post=100054"}],"curies":[{"name":"wp","href":"https:\/\/api.w.org\/{rel}","templated":true}]}}